{"id":10008,"date":"2023-10-18T08:39:07","date_gmt":"2023-10-18T07:39:07","guid":{"rendered":"https:\/\/www.mouthiers-sur-boeme.fr\/?p=10008"},"modified":"2023-10-29T17:06:08","modified_gmt":"2023-10-29T16:06:08","slug":"jeudi-26-octobre-a-20h30","status":"publish","type":"post","link":"https:\/\/www.mouthiers-sur-boeme.fr\/?p=10008","title":{"rendered":"jeudi 26 octobre \u00e0 20h30"},"content":{"rendered":"\n<figure class=\"wp-block-image is-resized\"><img loading=\"lazy\" src=\"https:\/\/www.crcatb.fr\/local\/cache-vignettes\/L290xH395\/arton2443-4fc6b.jpg?1691099249\" alt=\"image Fifi\" width=\"281\" height=\"383\"\/><\/figure>\n\n\n\n<hr class=\"wp-block-separator\"\/>\n\n\n\n<h1>Fifi<\/h1>\n\n\n\n<p>De <strong>Jeanne Aslan, Paul Saintillan<\/strong><br>Par<strong> Jeanne Aslan, Paul Saintillan<\/strong><br>Avec<strong> C\u00e9leste Brunnquell, Quentin Dolmaire, Ilan Schermann<\/strong><br>Genre <strong>Com\u00e9die dramatique<\/strong><br>Dur\u00e9e <strong>1h 48<\/strong><\/p>\n\n\n\n<hr class=\"wp-block-separator\"\/>\n\n\n\n<p>Nancy, d\u00e9but de l\u2019\u00e9t\u00e9&#8230; et Sophie, dite Fifi, 15 ans, est coinc\u00e9e dans son HLM dans une ambiance familiale chaotique. Quand elle croise par hasard son ancienne amie Jade, sur le point de partir en vacances, Fifi prend en douce les clefs de sa jolie maison du centre-ville d\u00e9sert\u00e9e pour l\u2019\u00e9t\u00e9. Alors qu\u2019elle s\u2019installe, elle tombe sur St\u00e9phane, 23 ans, le fr\u00e8re a\u00een\u00e9 de Jade, rentr\u00e9 de mani\u00e8re inattendue. Au lieu de la chasser, St\u00e9phane lui laisse porte ouverte et l\u2019autorise \u00e0 venir se r\u00e9fugier l\u00e0 quand elle veut&#8230;<\/p>\n\n\n\n<p><a href=\"https:\/\/www.crcatb.fr\/films-cinema-charente-crcatb\/article\/fifi\" data-type=\"URL\" data-id=\"https:\/\/www.crcatb.fr\/films-cinema-charente-crcatb\/article\/fifi\" target=\"_blank\" rel=\"noreferrer noopener\">Bande Annonce<\/a><\/p>\n\n\n\n<p class=\"has-text-align-center has-text-color\" style=\"color:#a62bf2\"><strong>\u00c0 VENIR DANS VOTRE SALLE PR\u00c9F\u00c9R\u00c9E <\/strong><\/p>\n\n\n\n<p class=\"has-text-align-center has-text-color\" style=\"color:#a62bf2\"><strong>JEUDI 23 NOVEMBRE<\/strong><\/p>\n\n\n\n<figure class=\"wp-block-image\"><img src=\"https:\/\/www.crcatb.fr\/local\/cache-vignettes\/L290xH395\/arton2469-fa302.jpg?1695454819\" alt=\"image La Petite\"\/><\/figure>\n\n\n\n<h1>La Petite<\/h1>\n\n\n\n<p>De <strong>Guillaume Nicloux<\/strong><br>Avec <strong>Fabrice Luchini, Mara Taquin, Maud Wyler<\/strong><br>Genre <strong>Drame<\/strong>Bande Annonce<br>Nationalit\u00e9 <strong>France, Belgique<\/strong><br>Dur\u00e9e <strong>1h 33<\/strong><\/p>\n\n\n\n<hr class=\"wp-block-separator\"\/>\n\n\n\n<p>Joseph apprend que son fils et le compagnon de celui-ci viennent de p\u00e9rir dans un accident. Ils attendaient un enfant via une m\u00e8re porteuse en Belgique. Que va devenir leur futur b\u00e9b\u00e9&nbsp;? Joseph en est-il le grand-p\u00e8re l\u00e9gitime&nbsp;? Port\u00e9 par la promesse de cette naissance qui va prolonger l\u2019existence de son fils, le sexag\u00e9naire part \u00e0 la rencontre de la jeune flamande au caract\u00e8re farouche et indomptable\u2026<\/p>\n\n\n\n<p><a href=\"https:\/\/www.crcatb.fr\/films-cinema-charente-crcatb\/article\/la-petite\" data-type=\"URL\" data-id=\"https:\/\/www.crcatb.fr\/films-cinema-charente-crcatb\/article\/la-petite\" target=\"_blank\" rel=\"noreferrer noopener\">Bande Annonce<\/a><\/p>\n","protected":false},"excerpt":{"rendered":"<p>Fifi De Jeanne Aslan, Paul SaintillanPar Jeanne Aslan, Paul SaintillanAvec C\u00e9leste Brunnquell, Quentin Dolmaire, Ilan SchermannGenre Com\u00e9die dramatiqueDur\u00e9e 1h 48 Nancy, d\u00e9but de l\u2019\u00e9t\u00e9&#8230; et Sophie, dite Fifi, 15 ans, est coinc\u00e9e dans son HLM dans une ambiance familiale chaotique. Quand elle croise par hasard son ancienne amie Jade, sur le point de partir en &hellip; <a href=\"https:\/\/www.mouthiers-sur-boeme.fr\/?p=10008\" class=\"more-link\">Continuer la lecture de <span class=\"screen-reader-text\">jeudi 26 octobre \u00e0 20h30<\/span>  <span class=\"meta-nav\">&rarr;<\/span><\/a><\/p>\n","protected":false},"author":22,"featured_media":10013,"comment_status":"open","ping_status":"open","sticky":false,"template":"","format":"standard","meta":[],"categories":[100,71],"tags":[],"_links":{"self":[{"href":"https:\/\/www.mouthiers-sur-boeme.fr\/index.php?rest_route=\/wp\/v2\/posts\/10008"}],"collection":[{"href":"https:\/\/www.mouthiers-sur-boeme.fr\/index.php?rest_route=\/wp\/v2\/posts"}],"about":[{"href":"https:\/\/www.mouthiers-sur-boeme.fr\/index.php?rest_route=\/wp\/v2\/types\/post"}],"author":[{"embeddable":true,"href":"https:\/\/www.mouthiers-sur-boeme.fr\/index.php?rest_route=\/wp\/v2\/users\/22"}],"replies":[{"embeddable":true,"href":"https:\/\/www.mouthiers-sur-boeme.fr\/index.php?rest_route=%2Fwp%2Fv2%2Fcomments&post=10008"}],"version-history":[{"count":4,"href":"https:\/\/www.mouthiers-sur-boeme.fr\/index.php?rest_route=\/wp\/v2\/posts\/10008\/revisions"}],"predecessor-version":[{"id":10140,"href":"https:\/\/www.mouthiers-sur-boeme.fr\/index.php?rest_route=\/wp\/v2\/posts\/10008\/revisions\/10140"}],"wp:featuredmedia":[{"embeddable":true,"href":"https:\/\/www.mouthiers-sur-boeme.fr\/index.php?rest_route=\/wp\/v2\/media\/10013"}],"wp:attachment":[{"href":"https:\/\/www.mouthiers-sur-boeme.fr\/index.php?rest_route=%2Fwp%2Fv2%2Fmedia&parent=10008"}],"wp:term":[{"taxonomy":"category","embeddable":true,"href":"https:\/\/www.mouthiers-sur-boeme.fr\/index.php?rest_route=%2Fwp%2Fv2%2Fcategories&post=10008"},{"taxonomy":"post_tag","embeddable":true,"href":"https:\/\/www.mouthiers-sur-boeme.fr\/index.php?rest_route=%2Fwp%2Fv2%2Ftags&post=10008"}],"curies":[{"name":"wp","href":"https:\/\/api.w.org\/{rel}","templated":true}]}}