{"id":10036,"date":"2023-10-19T09:51:00","date_gmt":"2023-10-19T08:51:00","guid":{"rendered":"https:\/\/www.mouthiers-sur-boeme.fr\/?p=10036"},"modified":"2023-11-25T14:45:28","modified_gmt":"2023-11-25T13:45:28","slug":"jeudi-23-novembre-20h30","status":"publish","type":"post","link":"https:\/\/www.mouthiers-sur-boeme.fr\/?p=10036","title":{"rendered":"JEUDI 23 NOVEMBRE 20H30"},"content":{"rendered":"\n<p><\/p>\n\n\n\n<figure class=\"wp-block-image\"><img src=\"https:\/\/www.crcatb.fr\/local\/cache-vignettes\/L290xH395\/arton2469-fa302.jpg?1695454819\" alt=\"image La Petite\"\/><\/figure>\n\n\n\n<h1>La Petite<\/h1>\n\n\n\n<p>De <strong>Guillaume Nicloux<\/strong><br>Avec <strong>Fabrice Luchini, Mara Taquin, Maud Wyler<\/strong><br>Genre <strong>Drame<\/strong>Bande Annonce<br>Nationalit\u00e9 <strong>France, Belgique<\/strong><br>Dur\u00e9e <strong>1h 33<\/strong><\/p>\n\n\n\n<hr class=\"wp-block-separator\"\/>\n\n\n\n<p>Joseph apprend que son fils et le compagnon de celui-ci viennent de p\u00e9rir dans un accident. Ils attendaient un enfant via une m\u00e8re porteuse en Belgique. Que va devenir leur futur b\u00e9b\u00e9&nbsp;? Joseph en est-il le grand-p\u00e8re l\u00e9gitime&nbsp;? Port\u00e9 par la promesse de cette naissance qui va prolonger l\u2019existence de son fils, le sexag\u00e9naire part \u00e0 la rencontre de la jeune flamande au caract\u00e8re farouche et indomptable\u2026<\/p>\n\n\n\n<p><a rel=\"noreferrer noopener\" href=\"https:\/\/www.crcatb.fr\/films-cinema-charente-crcatb\/article\/la-petite\" target=\"_blank\">Bande Annonce<\/a><\/p>\n\n\n\n<p><\/p>\n","protected":false},"excerpt":{"rendered":"<p>La Petite De Guillaume NiclouxAvec Fabrice Luchini, Mara Taquin, Maud WylerGenre DrameBande AnnonceNationalit\u00e9 France, BelgiqueDur\u00e9e 1h 33 Joseph apprend que son fils et le compagnon de celui-ci viennent de p\u00e9rir dans un accident. Ils attendaient un enfant via une m\u00e8re porteuse en Belgique. Que va devenir leur futur b\u00e9b\u00e9&nbsp;? Joseph en est-il le grand-p\u00e8re l\u00e9gitime&nbsp;? &hellip; <a href=\"https:\/\/www.mouthiers-sur-boeme.fr\/?p=10036\" class=\"more-link\">Continuer la lecture de <span class=\"screen-reader-text\">JEUDI 23 NOVEMBRE 20H30<\/span>  <span class=\"meta-nav\">&rarr;<\/span><\/a><\/p>\n","protected":false},"author":22,"featured_media":0,"comment_status":"open","ping_status":"open","sticky":false,"template":"","format":"standard","meta":[],"categories":[100,71],"tags":[],"_links":{"self":[{"href":"https:\/\/www.mouthiers-sur-boeme.fr\/index.php?rest_route=\/wp\/v2\/posts\/10036"}],"collection":[{"href":"https:\/\/www.mouthiers-sur-boeme.fr\/index.php?rest_route=\/wp\/v2\/posts"}],"about":[{"href":"https:\/\/www.mouthiers-sur-boeme.fr\/index.php?rest_route=\/wp\/v2\/types\/post"}],"author":[{"embeddable":true,"href":"https:\/\/www.mouthiers-sur-boeme.fr\/index.php?rest_route=\/wp\/v2\/users\/22"}],"replies":[{"embeddable":true,"href":"https:\/\/www.mouthiers-sur-boeme.fr\/index.php?rest_route=%2Fwp%2Fv2%2Fcomments&post=10036"}],"version-history":[{"count":2,"href":"https:\/\/www.mouthiers-sur-boeme.fr\/index.php?rest_route=\/wp\/v2\/posts\/10036\/revisions"}],"predecessor-version":[{"id":10039,"href":"https:\/\/www.mouthiers-sur-boeme.fr\/index.php?rest_route=\/wp\/v2\/posts\/10036\/revisions\/10039"}],"wp:attachment":[{"href":"https:\/\/www.mouthiers-sur-boeme.fr\/index.php?rest_route=%2Fwp%2Fv2%2Fmedia&parent=10036"}],"wp:term":[{"taxonomy":"category","embeddable":true,"href":"https:\/\/www.mouthiers-sur-boeme.fr\/index.php?rest_route=%2Fwp%2Fv2%2Fcategories&post=10036"},{"taxonomy":"post_tag","embeddable":true,"href":"https:\/\/www.mouthiers-sur-boeme.fr\/index.php?rest_route=%2Fwp%2Fv2%2Ftags&post=10036"}],"curies":[{"name":"wp","href":"https:\/\/api.w.org\/{rel}","templated":true}]}}