{"id":10040,"date":"2023-11-06T09:01:00","date_gmt":"2023-11-06T08:01:00","guid":{"rendered":"https:\/\/www.mouthiers-sur-boeme.fr\/?p=10040"},"modified":"2023-12-04T14:49:43","modified_gmt":"2023-12-04T13:49:43","slug":"soiree-debat-27-novembre-20h","status":"publish","type":"post","link":"https:\/\/www.mouthiers-sur-boeme.fr\/?p=10040","title":{"rendered":"soir\u00e9e D\u00c9BAT 27 novembre 20h                                                  entr\u00e9e offerte par le CAUE."},"content":{"rendered":"\n<p>A l\u2019occasion d\u2019un cycle d\u2019actions de sensibilisation sur l\u2019habitat individuel et le pavillonnaire, le <a rel=\"noreferrer noopener\" href=\"https:\/\/www.caue16.fr\/reve-pavillonnaire-les-dessous-d-un-modele\" target=\"_blank\">CAUE<\/a> de la Charente (Conseil d\u2019Architecture d\u2019Urbanisme et de l\u2019Environnement), en partenariat avec le <a rel=\"noreferrer noopener\" href=\"https:\/\/www.crcatb.fr\/films-cinema-charente-crcatb\/article\/reve-pavillonnaire-les-dessous-d-un-modele\" data-type=\"URL\" data-id=\"https:\/\/www.crcatb.fr\/films-cinema-charente-crcatb\/article\/reve-pavillonnaire-les-dessous-d-un-modele\" target=\"_blank\">CRCATB<\/a>, organise 6 s\u00e9ances de cin\u00e9-d\u00e9bats r\u00e9parties sur le D\u00e9partement.<\/p>\n\n\n\n<p>Le lundi 27 novembre \u00e0 20h, c&rsquo;est \u00e0 Mouthiers.<\/p>\n\n\n\n<h1>R\u00eave pavillonnaire, les dessous d\u2019un mod\u00e8le<\/h1>\n\n\n\n<p>R\u00e9alis\u00e9 <strong>par Myriam Elhadad<\/strong><br>Genre <strong>Documentaire<\/strong><br>Nationalit\u00e9 <strong>France<\/strong><br>Dur\u00e9e <strong>1h 10<\/strong><\/p>\n\n\n\n<hr class=\"wp-block-separator\"\/>\n\n\n\n<p>Autrefois consid\u00e9r\u00e9es comme un moteur pour la croissance \u00e9conomique, les zones pavillonnaires incarnaient le r\u00eave pour les classes moyennes des ann\u00e9es 60 alors en pleine expansion. Ce mod\u00e8le devait apporter une solution aux probl\u00e8mes des grands ensembles, \u00e0 l\u2019engorgement des villes et \u00e0 la d\u00e9sertification des campagnes. Mais le passage de la crise en a fait un v\u00e9ritable cauchemar pour ceux qui y habitent. Les co\u00fbts individuels et collectifs de ces zones p\u00e9riurbaines sont devenus exorbitants et leur impact sur l\u2019environnement est d\u00e9sastreux. Leurs r\u00e9sidents vivent aujourd\u2019hui sur le fil entre r\u00e9signation et r\u00e9volte.<\/p>\n\n\n\n<p>Projection suivie d\u2019un d\u00e9bat organis\u00e9 par le <strong>CAUE<\/strong>                                    .<\/p>\n\n\n\n<p><\/p>\n","protected":false},"excerpt":{"rendered":"<p>A l\u2019occasion d\u2019un cycle d\u2019actions de sensibilisation sur l\u2019habitat individuel et le pavillonnaire, le CAUE de la Charente (Conseil d\u2019Architecture d\u2019Urbanisme et de l\u2019Environnement), en partenariat avec le CRCATB, organise 6 s\u00e9ances de cin\u00e9-d\u00e9bats r\u00e9parties sur le D\u00e9partement. Le lundi 27 novembre \u00e0 20h, c&rsquo;est \u00e0 Mouthiers. R\u00eave pavillonnaire, les dessous d\u2019un mod\u00e8le R\u00e9alis\u00e9 par &hellip; <a href=\"https:\/\/www.mouthiers-sur-boeme.fr\/?p=10040\" class=\"more-link\">Continuer la lecture de <span class=\"screen-reader-text\">soir\u00e9e D\u00c9BAT 27 novembre 20h                                                  entr\u00e9e offerte par le CAUE.<\/span>  <span class=\"meta-nav\">&rarr;<\/span><\/a><\/p>\n","protected":false},"author":22,"featured_media":10042,"comment_status":"open","ping_status":"open","sticky":false,"template":"","format":"standard","meta":[],"categories":[80,71],"tags":[],"_links":{"self":[{"href":"https:\/\/www.mouthiers-sur-boeme.fr\/index.php?rest_route=\/wp\/v2\/posts\/10040"}],"collection":[{"href":"https:\/\/www.mouthiers-sur-boeme.fr\/index.php?rest_route=\/wp\/v2\/posts"}],"about":[{"href":"https:\/\/www.mouthiers-sur-boeme.fr\/index.php?rest_route=\/wp\/v2\/types\/post"}],"author":[{"embeddable":true,"href":"https:\/\/www.mouthiers-sur-boeme.fr\/index.php?rest_route=\/wp\/v2\/users\/22"}],"replies":[{"embeddable":true,"href":"https:\/\/www.mouthiers-sur-boeme.fr\/index.php?rest_route=%2Fwp%2Fv2%2Fcomments&post=10040"}],"version-history":[{"count":2,"href":"https:\/\/www.mouthiers-sur-boeme.fr\/index.php?rest_route=\/wp\/v2\/posts\/10040\/revisions"}],"predecessor-version":[{"id":10044,"href":"https:\/\/www.mouthiers-sur-boeme.fr\/index.php?rest_route=\/wp\/v2\/posts\/10040\/revisions\/10044"}],"wp:featuredmedia":[{"embeddable":true,"href":"https:\/\/www.mouthiers-sur-boeme.fr\/index.php?rest_route=\/wp\/v2\/media\/10042"}],"wp:attachment":[{"href":"https:\/\/www.mouthiers-sur-boeme.fr\/index.php?rest_route=%2Fwp%2Fv2%2Fmedia&parent=10040"}],"wp:term":[{"taxonomy":"category","embeddable":true,"href":"https:\/\/www.mouthiers-sur-boeme.fr\/index.php?rest_route=%2Fwp%2Fv2%2Fcategories&post=10040"},{"taxonomy":"post_tag","embeddable":true,"href":"https:\/\/www.mouthiers-sur-boeme.fr\/index.php?rest_route=%2Fwp%2Fv2%2Ftags&post=10040"}],"curies":[{"name":"wp","href":"https:\/\/api.w.org\/{rel}","templated":true}]}}