{"id":10131,"date":"2023-11-06T16:19:00","date_gmt":"2023-11-06T15:19:00","guid":{"rendered":"https:\/\/www.mouthiers-sur-boeme.fr\/?p=10131"},"modified":"2023-12-20T18:06:26","modified_gmt":"2023-12-20T17:06:26","slug":"samedi-2-decembre-a-19h00","status":"publish","type":"post","link":"https:\/\/www.mouthiers-sur-boeme.fr\/?p=10131","title":{"rendered":"samedi 2 d\u00e9cembre \u00e0 19h00    Le soleil se couche sur le Marais de Mouthiers&#8230;"},"content":{"rendered":"\n<figure class=\"wp-block-image\"><img src=\"https:\/\/www.mouthiers-sur-boeme.fr\/wp-content\/uploads\/2023\/11\/Invitation_Projection_AP-SURLEAU_021223.jpg\" alt=\"https:\/\/www.mouthiers-sur-boeme.fr\/wp-content\/uploads\/2023\/11\/Invitation_Projection_AP-SURLEAU_021223.jpg\"\/><\/figure>\n\n\n\n<p><strong>Norimage FILMS<\/strong> et <strong>M\u00e9lanie Tardif<\/strong>, en association avec la mairie de Mouthiers-sur-Bo\u00ebme ont le plaisir de vous convier \u00e0 la projection en Avant-Premi\u00e8re du court-m\u00e9trage \u00ab Sur l\u2019eau \u00bb :<\/p>\n\n\n\n<p class=\"has-text-align-center has-medium-font-size\"><br><strong>Le samedi 2 d\u00e9cembre \u00e0 19h00 \u00e0 la MJC Jules Berry de Mouthiers-sur-Bo\u00ebme<\/strong><\/p>\n\n\n\n<p>Vous pourrez y d\u00e9couvrir \u00ab Sur l\u2019eau \u00bb dont le tournage a eu lieu dans les Tourbi\u00e8res de Mouthiers, ainsi qu\u2019un court-m\u00e9trage humoristique en premi\u00e8re partie intitul\u00e9 \u00ab Race Man \u00bb produit \u00e9galement par <strong>Norimage<\/strong>.<br>La s\u00e9ance d\u2019une demi-heure environ sera suivie d\u2019une session de questions-r\u00e9ponses autour d\u2019un verre avec des techniciens et acteurs locaux afin de vous faire d\u00e9couvrir l\u2019envers du d\u00e9cor.<br><strong>M\u00e9lanie Tardif,<\/strong> r\u00e9alisatrice, <strong>Norimage Films<\/strong>, repr\u00e9sent\u00e9e par <strong>Pascal Lamargot, Pauline Tingaud etLucas Placidet<\/strong> ainsi que les techniciens du film seront pr\u00e9sents pour vous accueillir.<\/p>\n\n\n\n<p><br><strong>Merci de bien vouloir nous indiquer par mail \u00e0 l&rsquo;adresse <a rel=\"noreferrer noopener\" href=\"mailto:contact@norimage.fr\" target=\"_blank\">contact@norimage.fr<\/a> votre intention d\u2019y participer ou non.<\/strong><\/p>\n\n\n\n<figure class=\"wp-block-image\"><img src=\"https:\/\/www.mouthiers-sur-boeme.fr\/wp-content\/uploads\/2023\/11\/Affiche-SURLEAU.jpg\" alt=\"https:\/\/www.mouthiers-sur-boeme.fr\/wp-content\/uploads\/2023\/11\/Affiche-SURLEAU.jpg\"\/><\/figure>\n\n\n\n<p class=\"has-black-color has-text-color\" style=\"font-size:18px\">Court\u00ad m\u00e9trage de fiction librement adapt\u00e9 d\u2019une nouvelle de Guy de Maupassant<br>Auteur : M\u00e9lanie Tardif<br>Genre : Fantastique<\/p>\n\n\n\n<p class=\"has-black-color has-text-color\" style=\"font-size:18px\">Synopsis :<\/p>\n\n\n\n<p class=\"has-text-color\" style=\"color:#0906cc\"><em>Le soleil se couche sur le Marais de Mouthiers. Louis, un canotier d\u2019une quarantaine d\u2019ann\u00e9e, retourne chez lui apr\u00e8s un repas chez un ami. Il utilise son moyen de locomotion habituel : une barque.<br>Alors qu\u2019il navigue paisiblement, il d\u00e9cide de s\u2019arr\u00eater pour profiter de la nature environnante tout en fumant sa pipe. Il jette l\u2019ancre.<br>Tandis qu\u2019il fume tranquillement, son imagination commence \u00e0 lui jouer des tours. Au fur et \u00e0 mesure que le soleil dispara\u00eet derri\u00e8re l\u2019horizon, la nature jusqu\u2019\u00e0 pr\u00e9sent accueillante se transforme en milieu hostile. Louis a peur et d\u00e9cide de partir. Malheureusement, il n\u2019arrive pas \u00e0 sortir son ancre de l\u2019eau. Elle est manifestement prisonni\u00e8re du Marais.<br>Louis passe alors la nuit sur l\u2019eau partag\u00e9 entre la peur et le rire, la folie et la raison.<br>Son imagination comble le vide laiss\u00e9 par ce qu\u2019il entend mais ne voit pas. L\u2019alcool qu\u2019il ingurgite finit de brouiller la r\u00e9alit\u00e9.<br>Finalement, le jour se l\u00e8ve. Louis retrouve son assurance. Ses peurs disparaissent.<br>Lorsqu\u2019il aper\u00e7oit au loin deux p\u00e9cheurs. L\u2019espoir d\u2019\u00eatre enfin sauv\u00e9 lui fait oublier toute prudence. Il glisse sur sa bouteille de rhum. Sa t\u00eate heurte le bord du bateau et il sombre au fond de l\u2019eau.<\/em><\/p>\n\n\n\n<p style=\"font-size:30px\"><strong>RACE MAN<\/strong><\/p>\n\n\n\n<div class=\"wp-block-image\"><figure class=\"aligncenter\"><img src=\"https:\/\/www.mouthiers-sur-boeme.fr\/wp-content\/uploads\/2023\/11\/Affiche-RACEMAN.jpg\" alt=\"https:\/\/www.mouthiers-sur-boeme.fr\/wp-content\/uploads\/2023\/11\/Affiche-RACEMAN.jpg\"\/><\/figure><\/div>\n\n\n\n<p>Un Court-m\u00e9trage de <a href=\"https:\/\/www.unifrance.org\/annuaires\/personne\/410476\/franck-betermin\">Franck Betermin<\/a><\/p>\n\n\n\n<p>Produit par <a href=\"https:\/\/www.unifrance.org\/annuaires\/societe\/313768\/norimages-films\" data-type=\"URL\" data-id=\"https:\/\/www.unifrance.org\/annuaires\/societe\/313768\/norimages-films\">Norimage Films<\/a><\/p>\n\n\n\n<p style=\"font-size:18px\"><strong>Synopsis<\/strong> :<\/p>\n\n\n\n<p class=\"has-text-color\" style=\"color:#120fc8\"><br><em>Un Noble qui \u00ab\u00a0a \u00e9t\u00e9\u00a0\u00bb mais qui \u00ab\u00a0n&rsquo;est plus\u00a0\u00bb, est fascin\u00e9 par la course<br>automobile.<br>Accompagn\u00e9 de son fid\u00e8le serviteur \u00ab\u00a0Bernardo\u00a0\u00bb docile et muet, il participe \u00e0<br>une course de caisse \u00e0 savon dans un petit village de Charente.<br>Avant l&rsquo;arriv\u00e9e il pr\u00e9f\u00e8re rentrer chez lui avec son bolide, plut\u00f4t que<br>d&rsquo;atteindre l&rsquo;arriv\u00e9e comme tout le monde.<br>Lorsque que l&rsquo;on a \u00e9t\u00e9 et que l&rsquo;on n&rsquo;est plus, on se distingue comme on peut.<\/em><\/p>\n","protected":false},"excerpt":{"rendered":"<p>Norimage FILMS et M\u00e9lanie Tardif, en association avec la mairie de Mouthiers-sur-Bo\u00ebme ont le plaisir de vous convier \u00e0 la projection en Avant-Premi\u00e8re du court-m\u00e9trage \u00ab Sur l\u2019eau \u00bb : Le samedi 2 d\u00e9cembre \u00e0 19h00 \u00e0 la MJC Jules Berry de Mouthiers-sur-Bo\u00ebme Vous pourrez y d\u00e9couvrir \u00ab Sur l\u2019eau \u00bb dont le tournage a &hellip; <a href=\"https:\/\/www.mouthiers-sur-boeme.fr\/?p=10131\" class=\"more-link\">Continuer la lecture de <span class=\"screen-reader-text\">samedi 2 d\u00e9cembre \u00e0 19h00    Le soleil se couche sur le Marais de Mouthiers&#8230;<\/span>  <span class=\"meta-nav\">&rarr;<\/span><\/a><\/p>\n","protected":false},"author":22,"featured_media":10224,"comment_status":"open","ping_status":"open","sticky":false,"template":"","format":"standard","meta":[],"categories":[100,11],"tags":[],"_links":{"self":[{"href":"https:\/\/www.mouthiers-sur-boeme.fr\/index.php?rest_route=\/wp\/v2\/posts\/10131"}],"collection":[{"href":"https:\/\/www.mouthiers-sur-boeme.fr\/index.php?rest_route=\/wp\/v2\/posts"}],"about":[{"href":"https:\/\/www.mouthiers-sur-boeme.fr\/index.php?rest_route=\/wp\/v2\/types\/post"}],"author":[{"embeddable":true,"href":"https:\/\/www.mouthiers-sur-boeme.fr\/index.php?rest_route=\/wp\/v2\/users\/22"}],"replies":[{"embeddable":true,"href":"https:\/\/www.mouthiers-sur-boeme.fr\/index.php?rest_route=%2Fwp%2Fv2%2Fcomments&post=10131"}],"version-history":[{"count":11,"href":"https:\/\/www.mouthiers-sur-boeme.fr\/index.php?rest_route=\/wp\/v2\/posts\/10131\/revisions"}],"predecessor-version":[{"id":10228,"href":"https:\/\/www.mouthiers-sur-boeme.fr\/index.php?rest_route=\/wp\/v2\/posts\/10131\/revisions\/10228"}],"wp:featuredmedia":[{"embeddable":true,"href":"https:\/\/www.mouthiers-sur-boeme.fr\/index.php?rest_route=\/wp\/v2\/media\/10224"}],"wp:attachment":[{"href":"https:\/\/www.mouthiers-sur-boeme.fr\/index.php?rest_route=%2Fwp%2Fv2%2Fmedia&parent=10131"}],"wp:term":[{"taxonomy":"category","embeddable":true,"href":"https:\/\/www.mouthiers-sur-boeme.fr\/index.php?rest_route=%2Fwp%2Fv2%2Fcategories&post=10131"},{"taxonomy":"post_tag","embeddable":true,"href":"https:\/\/www.mouthiers-sur-boeme.fr\/index.php?rest_route=%2Fwp%2Fv2%2Ftags&post=10131"}],"curies":[{"name":"wp","href":"https:\/\/api.w.org\/{rel}","templated":true}]}}