{"id":10179,"date":"2023-11-25T10:35:36","date_gmt":"2023-11-25T09:35:36","guid":{"rendered":"https:\/\/www.mouthiers-sur-boeme.fr\/?p=10179"},"modified":"2024-01-17T11:18:34","modified_gmt":"2024-01-17T10:18:34","slug":"10179","status":"publish","type":"post","link":"https:\/\/www.mouthiers-sur-boeme.fr\/?p=10179","title":{"rendered":""},"content":{"rendered":"\n<p><strong>Famili\u2019Bulle <\/strong>en partenariat avec la <strong>Mdph de la Charente <\/strong>proposent une conf\u00e9rence gratuite et ouverte \u00e0 tous (parents et professionnels).<\/p>\n\n\n\n<p>Comment parler de son enfant porteur de handicap de mani\u00e8re positive et comment le valoriser lorsqu\u2019il s\u2019agit d\u2019entamer des d\u00e9marches aupr\u00e8s de structures d\u2019accueil.<\/p>\n\n\n\n<p>C\u2019est la th\u00e9matique que Fran\u00e7ois&nbsp;Quignon &#8211; Coordinateur du p\u00f4le Ressources handicap &#8211; abordera au cours de cette soir\u00e9e d\u2019informations et d\u2019\u00e9changes.<\/p>\n\n\n\n<p>&#x270f; En pr\u00e9sentiel ou en visioconf\u00e9rence<\/p>\n\n\n\n<p>&#x270f;<a rel=\"noreferrer noopener\" href=\"https:\/\/forms.office.com\/e\/1ZG4dJ0vSf\" data-type=\"URL\" data-id=\"https:\/\/forms.office.com\/e\/1ZG4dJ0vSf\" target=\"_blank\"> Inscription recommand\u00e9e<\/a><\/p>\n\n\n\n<figure class=\"wp-block-image size-large\"><a href=\"https:\/\/www.mouthiers-sur-boeme.fr\/wp-content\/uploads\/2023\/11\/Affiche-Mon-enfant-est-Extra-ordinaire.png\"><img loading=\"lazy\" width=\"582\" height=\"826\" src=\"https:\/\/www.mouthiers-sur-boeme.fr\/wp-content\/uploads\/2023\/11\/Affiche-Mon-enfant-est-Extra-ordinaire.png\" alt=\"\" class=\"wp-image-10180\" srcset=\"https:\/\/www.mouthiers-sur-boeme.fr\/wp-content\/uploads\/2023\/11\/Affiche-Mon-enfant-est-Extra-ordinaire.png 582w, https:\/\/www.mouthiers-sur-boeme.fr\/wp-content\/uploads\/2023\/11\/Affiche-Mon-enfant-est-Extra-ordinaire-211x300.png 211w\" sizes=\"(max-width: 582px) 100vw, 582px\" \/><\/a><\/figure>\n","protected":false},"excerpt":{"rendered":"<p>Famili\u2019Bulle en partenariat avec la Mdph de la Charente proposent une conf\u00e9rence gratuite et ouverte \u00e0 tous (parents et professionnels). Comment parler de son enfant porteur de handicap de mani\u00e8re positive et comment le valoriser lorsqu\u2019il s\u2019agit d\u2019entamer des d\u00e9marches aupr\u00e8s de structures d\u2019accueil. C\u2019est la th\u00e9matique que Fran\u00e7ois&nbsp;Quignon &#8211; Coordinateur du p\u00f4le Ressources handicap &hellip; <a href=\"https:\/\/www.mouthiers-sur-boeme.fr\/?p=10179\" class=\"more-link\">Continuer la lecture de <span class=\"screen-reader-text\"><\/span>  <span class=\"meta-nav\">&rarr;<\/span><\/a><\/p>\n","protected":false},"author":22,"featured_media":0,"comment_status":"open","ping_status":"open","sticky":false,"template":"","format":"standard","meta":[],"categories":[107],"tags":[],"_links":{"self":[{"href":"https:\/\/www.mouthiers-sur-boeme.fr\/index.php?rest_route=\/wp\/v2\/posts\/10179"}],"collection":[{"href":"https:\/\/www.mouthiers-sur-boeme.fr\/index.php?rest_route=\/wp\/v2\/posts"}],"about":[{"href":"https:\/\/www.mouthiers-sur-boeme.fr\/index.php?rest_route=\/wp\/v2\/types\/post"}],"author":[{"embeddable":true,"href":"https:\/\/www.mouthiers-sur-boeme.fr\/index.php?rest_route=\/wp\/v2\/users\/22"}],"replies":[{"embeddable":true,"href":"https:\/\/www.mouthiers-sur-boeme.fr\/index.php?rest_route=%2Fwp%2Fv2%2Fcomments&post=10179"}],"version-history":[{"count":1,"href":"https:\/\/www.mouthiers-sur-boeme.fr\/index.php?rest_route=\/wp\/v2\/posts\/10179\/revisions"}],"predecessor-version":[{"id":10182,"href":"https:\/\/www.mouthiers-sur-boeme.fr\/index.php?rest_route=\/wp\/v2\/posts\/10179\/revisions\/10182"}],"wp:attachment":[{"href":"https:\/\/www.mouthiers-sur-boeme.fr\/index.php?rest_route=%2Fwp%2Fv2%2Fmedia&parent=10179"}],"wp:term":[{"taxonomy":"category","embeddable":true,"href":"https:\/\/www.mouthiers-sur-boeme.fr\/index.php?rest_route=%2Fwp%2Fv2%2Fcategories&post=10179"},{"taxonomy":"post_tag","embeddable":true,"href":"https:\/\/www.mouthiers-sur-boeme.fr\/index.php?rest_route=%2Fwp%2Fv2%2Ftags&post=10179"}],"curies":[{"name":"wp","href":"https:\/\/api.w.org\/{rel}","templated":true}]}}