{"id":10248,"date":"2023-12-03T09:41:19","date_gmt":"2023-12-03T08:41:19","guid":{"rendered":"https:\/\/www.mouthiers-sur-boeme.fr\/?p=10248"},"modified":"2023-12-22T17:20:44","modified_gmt":"2023-12-22T16:20:44","slug":"mediatheque-15-decembre-mouthiers","status":"publish","type":"post","link":"https:\/\/www.mouthiers-sur-boeme.fr\/?p=10248","title":{"rendered":"mediatheque 15 d\u00e9cembre &#8211; mouthiers"},"content":{"rendered":"\n<p> Salle Gilles Ploquin 18h 30<\/p>\n\n\n\n<figure class=\"wp-block-image size-large\"><a href=\"https:\/\/www.mouthiers-sur-boeme.fr\/wp-content\/uploads\/2023\/12\/mila-charabia-st-germier-16-avril-c3a0-10h12-1.jpg\"><img loading=\"lazy\" width=\"699\" height=\"875\" src=\"https:\/\/www.mouthiers-sur-boeme.fr\/wp-content\/uploads\/2023\/12\/mila-charabia-st-germier-16-avril-c3a0-10h12-1.jpg\" alt=\"\" class=\"wp-image-10249\" srcset=\"https:\/\/www.mouthiers-sur-boeme.fr\/wp-content\/uploads\/2023\/12\/mila-charabia-st-germier-16-avril-c3a0-10h12-1.jpg 699w, https:\/\/www.mouthiers-sur-boeme.fr\/wp-content\/uploads\/2023\/12\/mila-charabia-st-germier-16-avril-c3a0-10h12-1-240x300.jpg 240w\" sizes=\"(max-width: 699px) 100vw, 699px\" \/><\/a><\/figure>\n\n\n\n<p>Mila, petite foraine, arrive au beau milieu d&rsquo;une place de village et d\u00e9couvre l&rsquo;arbre sous lequel sa famille va s&rsquo;installer pour quelque temps&#8230; Mais ce village a quelque chose de particulier, elle y fait des rencontres surprenantes. Un accord\u00e9on nostalgique \u00e0 bout d&rsquo;souffle ! Une trompette curieuse un peu folle ! Un jeune violon solitaire qui fait des gammes&#8230; Cette balade musicale promet \u00e0 Mila de belles rencontres sur le chemin de l&rsquo;imaginaire. <strong>De 6 mois \u00e0 6 ans. Gratuit. R\u00e9servations obligatoires : 05 45 67 89 47<\/strong><\/p>\n","protected":false},"excerpt":{"rendered":"<p>Salle Gilles Ploquin 18h 30 Mila, petite foraine, arrive au beau milieu d&rsquo;une place de village et d\u00e9couvre l&rsquo;arbre sous lequel sa famille va s&rsquo;installer pour quelque temps&#8230; Mais ce village a quelque chose de particulier, elle y fait des rencontres surprenantes. Un accord\u00e9on nostalgique \u00e0 bout d&rsquo;souffle ! Une trompette curieuse un peu folle &hellip; <a href=\"https:\/\/www.mouthiers-sur-boeme.fr\/?p=10248\" class=\"more-link\">Continuer la lecture de <span class=\"screen-reader-text\">mediatheque 15 d\u00e9cembre &#8211; mouthiers<\/span>  <span class=\"meta-nav\">&rarr;<\/span><\/a><\/p>\n","protected":false},"author":22,"featured_media":8017,"comment_status":"open","ping_status":"open","sticky":false,"template":"","format":"standard","meta":[],"categories":[20,12],"tags":[],"_links":{"self":[{"href":"https:\/\/www.mouthiers-sur-boeme.fr\/index.php?rest_route=\/wp\/v2\/posts\/10248"}],"collection":[{"href":"https:\/\/www.mouthiers-sur-boeme.fr\/index.php?rest_route=\/wp\/v2\/posts"}],"about":[{"href":"https:\/\/www.mouthiers-sur-boeme.fr\/index.php?rest_route=\/wp\/v2\/types\/post"}],"author":[{"embeddable":true,"href":"https:\/\/www.mouthiers-sur-boeme.fr\/index.php?rest_route=\/wp\/v2\/users\/22"}],"replies":[{"embeddable":true,"href":"https:\/\/www.mouthiers-sur-boeme.fr\/index.php?rest_route=%2Fwp%2Fv2%2Fcomments&post=10248"}],"version-history":[{"count":2,"href":"https:\/\/www.mouthiers-sur-boeme.fr\/index.php?rest_route=\/wp\/v2\/posts\/10248\/revisions"}],"predecessor-version":[{"id":10266,"href":"https:\/\/www.mouthiers-sur-boeme.fr\/index.php?rest_route=\/wp\/v2\/posts\/10248\/revisions\/10266"}],"wp:featuredmedia":[{"embeddable":true,"href":"https:\/\/www.mouthiers-sur-boeme.fr\/index.php?rest_route=\/wp\/v2\/media\/8017"}],"wp:attachment":[{"href":"https:\/\/www.mouthiers-sur-boeme.fr\/index.php?rest_route=%2Fwp%2Fv2%2Fmedia&parent=10248"}],"wp:term":[{"taxonomy":"category","embeddable":true,"href":"https:\/\/www.mouthiers-sur-boeme.fr\/index.php?rest_route=%2Fwp%2Fv2%2Fcategories&post=10248"},{"taxonomy":"post_tag","embeddable":true,"href":"https:\/\/www.mouthiers-sur-boeme.fr\/index.php?rest_route=%2Fwp%2Fv2%2Ftags&post=10248"}],"curies":[{"name":"wp","href":"https:\/\/api.w.org\/{rel}","templated":true}]}}