{"id":10261,"date":"2023-12-07T17:23:31","date_gmt":"2023-12-07T16:23:31","guid":{"rendered":"https:\/\/www.mouthiers-sur-boeme.fr\/?p=10261"},"modified":"2023-12-07T17:37:35","modified_gmt":"2023-12-07T16:37:35","slug":"jeudi-7-decembre-20h30","status":"publish","type":"post","link":"https:\/\/www.mouthiers-sur-boeme.fr\/?p=10261","title":{"rendered":"Jeudi 7 d\u00e9cembre 20h30"},"content":{"rendered":"\n<h1>Le Proc\u00e8s Goldman<\/h1>\n\n\n\n<div class=\"wp-block-image\"><figure class=\"aligncenter\"><img src=\"https:\/\/www.crcatb.fr\/local\/cache-vignettes\/L290xH387\/arton2472-b9898.jpg?1695455673\" alt=\"image Le Proc\u00e8s Goldman\"\/><\/figure><\/div>\n\n\n\n<p>De <strong>C\u00e9dric Kahn<\/strong><br>Avec <strong>Arieh Worthalter, Arthur Harari, St\u00e9phan Gu\u00e9rin-Tilli\u00e9<\/strong><br>Genre <strong>Policier, Drame, Historique, Judiciaire<\/strong><br>Nationalit\u00e9 <strong>France<\/strong><br>Dur\u00e9e <strong>1h 55<\/strong><\/p>\n\n\n\n<p>En novembre 1975, d\u00e9bute le deuxi\u00e8me proc\u00e8s de Pierre Goldman, militant d\u2019extr\u00eame gauche, condamn\u00e9 en premi\u00e8re instance \u00e0 la r\u00e9clusion criminelle \u00e0 perp\u00e9tuit\u00e9 pour quatre braquages \u00e0 main arm\u00e9e, dont un ayant entra\u00een\u00e9 la mort de deux pharmaciennes. Il clame son innocence dans cette derni\u00e8re affaire et devient en quelques semaines l\u2019ic\u00f4ne de la gauche intellectuelle. Georges Kiejman, jeune avocat, assure sa d\u00e9fense. Mais tr\u00e8s vite, leurs rapports se tendent. Goldman, insaisissable et provocateur, risque la peine capitale et rend l\u2019issue du proc\u00e8s incertaine.<\/p>\n\n\n\n<hr class=\"wp-block-separator\"\/>\n\n\n\n<p><a rel=\"noreferrer noopener\" href=\"https:\/\/www.crcatb.fr\/salles-cinema-charente-crcatb\/article\/mouthiers-sur-boeme\" target=\"_blank\"><strong>Bande annonce<\/strong><\/a> <br><\/p>\n\n\n\n<p class=\"has-text-align-center has-text-color\" style=\"color:#bb1818;font-size:23px\"><strong>le 21 d\u00e9cembre dans votre salle pr\u00e9f\u00e9r\u00e9e :<\/strong><\/p>\n\n\n\n<div class=\"wp-block-image\"><figure class=\"aligncenter\"><img src=\"https:\/\/www.crcatb.fr\/local\/cache-vignettes\/L290xH387\/arton2477-4d0e1.jpg?1695456996\" alt=\"image Le R\u00e8gne animal\"\/><\/figure><\/div>\n\n\n\n<p><a rel=\"noreferrer noopener\" href=\"https:\/\/www.crcatb.fr\/salles-cinema-charente-crcatb\/article\/mouthiers-sur-boeme\" target=\"_blank\"><strong>Bande annonce CRCAT<\/strong><\/a><a href=\"https:\/\/www.crcatb.fr\/salles-cinema-charente-crcatb\/article\/mouthiers-sur-boeme\" target=\"_blank\" rel=\"noreferrer noopener\"><strong>B<\/strong><\/a><br><\/p>\n","protected":false},"excerpt":{"rendered":"<p>Le Proc\u00e8s Goldman De C\u00e9dric KahnAvec Arieh Worthalter, Arthur Harari, St\u00e9phan Gu\u00e9rin-Tilli\u00e9Genre Policier, Drame, Historique, JudiciaireNationalit\u00e9 FranceDur\u00e9e 1h 55 En novembre 1975, d\u00e9bute le deuxi\u00e8me proc\u00e8s de Pierre Goldman, militant d\u2019extr\u00eame gauche, condamn\u00e9 en premi\u00e8re instance \u00e0 la r\u00e9clusion criminelle \u00e0 perp\u00e9tuit\u00e9 pour quatre braquages \u00e0 main arm\u00e9e, dont un ayant entra\u00een\u00e9 la mort de &hellip; <a href=\"https:\/\/www.mouthiers-sur-boeme.fr\/?p=10261\" class=\"more-link\">Continuer la lecture de <span class=\"screen-reader-text\">Jeudi 7 d\u00e9cembre 20h30<\/span>  <span class=\"meta-nav\">&rarr;<\/span><\/a><\/p>\n","protected":false},"author":22,"featured_media":0,"comment_status":"open","ping_status":"open","sticky":false,"template":"","format":"standard","meta":[],"categories":[65,71],"tags":[],"_links":{"self":[{"href":"https:\/\/www.mouthiers-sur-boeme.fr\/index.php?rest_route=\/wp\/v2\/posts\/10261"}],"collection":[{"href":"https:\/\/www.mouthiers-sur-boeme.fr\/index.php?rest_route=\/wp\/v2\/posts"}],"about":[{"href":"https:\/\/www.mouthiers-sur-boeme.fr\/index.php?rest_route=\/wp\/v2\/types\/post"}],"author":[{"embeddable":true,"href":"https:\/\/www.mouthiers-sur-boeme.fr\/index.php?rest_route=\/wp\/v2\/users\/22"}],"replies":[{"embeddable":true,"href":"https:\/\/www.mouthiers-sur-boeme.fr\/index.php?rest_route=%2Fwp%2Fv2%2Fcomments&post=10261"}],"version-history":[{"count":4,"href":"https:\/\/www.mouthiers-sur-boeme.fr\/index.php?rest_route=\/wp\/v2\/posts\/10261\/revisions"}],"predecessor-version":[{"id":10265,"href":"https:\/\/www.mouthiers-sur-boeme.fr\/index.php?rest_route=\/wp\/v2\/posts\/10261\/revisions\/10265"}],"wp:attachment":[{"href":"https:\/\/www.mouthiers-sur-boeme.fr\/index.php?rest_route=%2Fwp%2Fv2%2Fmedia&parent=10261"}],"wp:term":[{"taxonomy":"category","embeddable":true,"href":"https:\/\/www.mouthiers-sur-boeme.fr\/index.php?rest_route=%2Fwp%2Fv2%2Fcategories&post=10261"},{"taxonomy":"post_tag","embeddable":true,"href":"https:\/\/www.mouthiers-sur-boeme.fr\/index.php?rest_route=%2Fwp%2Fv2%2Ftags&post=10261"}],"curies":[{"name":"wp","href":"https:\/\/api.w.org\/{rel}","templated":true}]}}