{"id":10281,"date":"2023-12-22T09:13:16","date_gmt":"2023-12-22T08:13:16","guid":{"rendered":"https:\/\/www.mouthiers-sur-boeme.fr\/?p=10281"},"modified":"2024-02-16T09:16:12","modified_gmt":"2024-02-16T08:16:12","slug":"mediatheque-de-mouthiers","status":"publish","type":"post","link":"https:\/\/www.mouthiers-sur-boeme.fr\/?p=10281","title":{"rendered":"MEDIATH\u00c8QUE DE MOUTHIERS rencontre d\u00e9dicace"},"content":{"rendered":"\n<figure class=\"wp-block-image size-large is-resized\"><a href=\"https:\/\/www.mouthiers-sur-boeme.fr\/wp-content\/uploads\/2023\/12\/photos_artiste.jpg\"><img loading=\"lazy\" src=\"https:\/\/www.mouthiers-sur-boeme.fr\/wp-content\/uploads\/2023\/12\/photos_artiste.jpg\" alt=\"\" class=\"wp-image-10283\" width=\"412\" height=\"275\" srcset=\"https:\/\/www.mouthiers-sur-boeme.fr\/wp-content\/uploads\/2023\/12\/photos_artiste.jpg 600w, https:\/\/www.mouthiers-sur-boeme.fr\/wp-content\/uploads\/2023\/12\/photos_artiste-300x200.jpg 300w\" sizes=\"(max-width: 412px) 100vw, 412px\" \/><\/a><\/figure>\n\n\n\n<p>&#8211;<strong> Rencontre d\u00e9dicaces avec Lomig dans le cadre du OFF du FIBD<br>Jeudi 25 Janvier \u00e0 18h30 \u00e0 la m\u00e9diath\u00e8que de Mouthiers.<\/strong><\/p>\n\n\n\n<p>Autodidacte, Lomig a d\u2019abord aiguis\u00e9 son trait dans le dessin humoristique.<\/p>\n\n\n\n<!--more-->\n\n\n\n<p>Ses histoires mettent en sc\u00e8ne des individus englu\u00e9s dans les affres de la civilisation moderne. <em>Au c\u0153ur des solitudes<\/em> est son troisi\u00e8me album aux \u00e9ditions Sarbacane, apr\u00e8s <em>Dans la for\u00eat <\/em>(2019).<\/p>\n\n\n\n<p><strong>La rencontre avec l&rsquo;auteur sera suivie d&rsquo;une s\u00e9ance de d\u00e9dicaces. Ses ouvrages seront propos\u00e9s \u00e0 la vente par la librairie de la Cit\u00e9 de la BD. (Attention la carte bancaire ne sera pas accept\u00e9e).<\/strong><\/p>\n\n\n\n<p>Pour de plus amples renseignements contacter le : 05 45 67 89 47<\/p>\n\n\n\n<p>+d&rsquo;infos <a href=\"https:\/\/blogalomig.wordpress.com\/portrait\/\" data-type=\"URL\" data-id=\"https:\/\/blogalomig.wordpress.com\/portrait\/\" target=\"_blank\" rel=\"noreferrer noopener\">ICI<\/a><\/p>\n\n\n\n<figure class=\"wp-block-image size-large is-resized\"><a href=\"https:\/\/www.mouthiers-sur-boeme.fr\/wp-content\/uploads\/2023\/12\/au-coeur-des-solitudes-couv-web-400x-q80.jpg\"><img loading=\"lazy\" src=\"https:\/\/www.mouthiers-sur-boeme.fr\/wp-content\/uploads\/2023\/12\/au-coeur-des-solitudes-couv-web-400x-q80.jpg\" alt=\"\" class=\"wp-image-10282\" width=\"309\" height=\"394\" srcset=\"https:\/\/www.mouthiers-sur-boeme.fr\/wp-content\/uploads\/2023\/12\/au-coeur-des-solitudes-couv-web-400x-q80.jpg 400w, https:\/\/www.mouthiers-sur-boeme.fr\/wp-content\/uploads\/2023\/12\/au-coeur-des-solitudes-couv-web-400x-q80-236x300.jpg 236w\" sizes=\"(max-width: 309px) 100vw, 309px\" \/><\/a><\/figure>\n","protected":false},"excerpt":{"rendered":"<p>&#8211; Rencontre d\u00e9dicaces avec Lomig dans le cadre du OFF du FIBDJeudi 25 Janvier \u00e0 18h30 \u00e0 la m\u00e9diath\u00e8que de Mouthiers. Autodidacte, Lomig a d\u2019abord aiguis\u00e9 son trait dans le dessin humoristique.<\/p>\n","protected":false},"author":22,"featured_media":10286,"comment_status":"open","ping_status":"open","sticky":false,"template":"","format":"standard","meta":[],"categories":[20,83],"tags":[],"_links":{"self":[{"href":"https:\/\/www.mouthiers-sur-boeme.fr\/index.php?rest_route=\/wp\/v2\/posts\/10281"}],"collection":[{"href":"https:\/\/www.mouthiers-sur-boeme.fr\/index.php?rest_route=\/wp\/v2\/posts"}],"about":[{"href":"https:\/\/www.mouthiers-sur-boeme.fr\/index.php?rest_route=\/wp\/v2\/types\/post"}],"author":[{"embeddable":true,"href":"https:\/\/www.mouthiers-sur-boeme.fr\/index.php?rest_route=\/wp\/v2\/users\/22"}],"replies":[{"embeddable":true,"href":"https:\/\/www.mouthiers-sur-boeme.fr\/index.php?rest_route=%2Fwp%2Fv2%2Fcomments&post=10281"}],"version-history":[{"count":4,"href":"https:\/\/www.mouthiers-sur-boeme.fr\/index.php?rest_route=\/wp\/v2\/posts\/10281\/revisions"}],"predecessor-version":[{"id":11066,"href":"https:\/\/www.mouthiers-sur-boeme.fr\/index.php?rest_route=\/wp\/v2\/posts\/10281\/revisions\/11066"}],"wp:featuredmedia":[{"embeddable":true,"href":"https:\/\/www.mouthiers-sur-boeme.fr\/index.php?rest_route=\/wp\/v2\/media\/10286"}],"wp:attachment":[{"href":"https:\/\/www.mouthiers-sur-boeme.fr\/index.php?rest_route=%2Fwp%2Fv2%2Fmedia&parent=10281"}],"wp:term":[{"taxonomy":"category","embeddable":true,"href":"https:\/\/www.mouthiers-sur-boeme.fr\/index.php?rest_route=%2Fwp%2Fv2%2Fcategories&post=10281"},{"taxonomy":"post_tag","embeddable":true,"href":"https:\/\/www.mouthiers-sur-boeme.fr\/index.php?rest_route=%2Fwp%2Fv2%2Ftags&post=10281"}],"curies":[{"name":"wp","href":"https:\/\/api.w.org\/{rel}","templated":true}]}}