{"id":10312,"date":"2024-01-17T11:17:32","date_gmt":"2024-01-17T10:17:32","guid":{"rendered":"https:\/\/www.mouthiers-sur-boeme.fr\/?p=10312"},"modified":"2024-02-16T09:15:06","modified_gmt":"2024-02-16T08:15:06","slug":"113-l-atelier-qui-compte-sur-vous","status":"publish","type":"post","link":"https:\/\/www.mouthiers-sur-boeme.fr\/?p=10312","title":{"rendered":"1+1=3                               l&rsquo; atelier qui compte sur vous !"},"content":{"rendered":"\n<p>Bonjour \u00e0 toutes et tous,<br><strong>Samedi 10 f\u00e9vrier<\/strong>\u00a0de\u00a0<strong>14h \u00e0 16h<\/strong>, pour un temps d&rsquo;\u00e9change de savoirs-faire \u00e0 la MJC Jules Berry.\u00a0<\/p>\n\n\n\n<!--more-->\n\n\n\n<p>\u00c0 partir de 8 ans.Marjolaine vous propose de coudre des petits oiseaux d\u00e9coratifs en feutrine ! <img loading=\"lazy\" height=\"16\" width=\"16\" alt=\"&#x1f426;\" src=\"https:\/\/static.xx.fbcdn.net\/images\/emoji.php\/v9\/t90\/1\/16\/1f426.png\"><img loading=\"lazy\" height=\"16\" width=\"16\" alt=\"&#x1f989;\" src=\"https:\/\/static.xx.fbcdn.net\/images\/emoji.php\/v9\/t12\/1\/16\/1f989.png\">Si vous en avez, apportez vos aiguilles de couture. <\/p>\n\n\n\n<p>Inscrivez-vous sans plus tarder au pr\u00e8s de la MJC Jules Berry au <a href=\"callto:05 45 21 48 76\">05 45 21 48 76<\/a> ou mjc-jules-berry@orange.fr.<br>Au plaisir de vous y retrouver. L&rsquo;\u00e9quipe de la MJC<\/p>\n\n\n\n<figure class=\"wp-block-image size-large\"><a href=\"https:\/\/www.mouthiers-sur-boeme.fr\/wp-content\/uploads\/2024\/01\/Les-oiseaux-en-feutrine.png\"><img loading=\"lazy\" width=\"1024\" height=\"724\" src=\"https:\/\/www.mouthiers-sur-boeme.fr\/wp-content\/uploads\/2024\/01\/Les-oiseaux-en-feutrine-1024x724.png\" alt=\"\" class=\"wp-image-10313\" srcset=\"https:\/\/www.mouthiers-sur-boeme.fr\/wp-content\/uploads\/2024\/01\/Les-oiseaux-en-feutrine-1024x724.png 1024w, https:\/\/www.mouthiers-sur-boeme.fr\/wp-content\/uploads\/2024\/01\/Les-oiseaux-en-feutrine-300x212.png 300w, https:\/\/www.mouthiers-sur-boeme.fr\/wp-content\/uploads\/2024\/01\/Les-oiseaux-en-feutrine-768x543.png 768w, https:\/\/www.mouthiers-sur-boeme.fr\/wp-content\/uploads\/2024\/01\/Les-oiseaux-en-feutrine-1536x1086.png 1536w, https:\/\/www.mouthiers-sur-boeme.fr\/wp-content\/uploads\/2024\/01\/Les-oiseaux-en-feutrine.png 2000w\" sizes=\"(max-width: 1024px) 100vw, 1024px\" \/><\/a><\/figure>\n","protected":false},"excerpt":{"rendered":"<p>Bonjour \u00e0 toutes et tous,Samedi 10 f\u00e9vrier\u00a0de\u00a014h \u00e0 16h, pour un temps d&rsquo;\u00e9change de savoirs-faire \u00e0 la MJC Jules Berry.\u00a0<\/p>\n","protected":false},"author":22,"featured_media":10315,"comment_status":"open","ping_status":"open","sticky":false,"template":"","format":"standard","meta":[],"categories":[108,71],"tags":[],"_links":{"self":[{"href":"https:\/\/www.mouthiers-sur-boeme.fr\/index.php?rest_route=\/wp\/v2\/posts\/10312"}],"collection":[{"href":"https:\/\/www.mouthiers-sur-boeme.fr\/index.php?rest_route=\/wp\/v2\/posts"}],"about":[{"href":"https:\/\/www.mouthiers-sur-boeme.fr\/index.php?rest_route=\/wp\/v2\/types\/post"}],"author":[{"embeddable":true,"href":"https:\/\/www.mouthiers-sur-boeme.fr\/index.php?rest_route=\/wp\/v2\/users\/22"}],"replies":[{"embeddable":true,"href":"https:\/\/www.mouthiers-sur-boeme.fr\/index.php?rest_route=%2Fwp%2Fv2%2Fcomments&post=10312"}],"version-history":[{"count":5,"href":"https:\/\/www.mouthiers-sur-boeme.fr\/index.php?rest_route=\/wp\/v2\/posts\/10312\/revisions"}],"predecessor-version":[{"id":11065,"href":"https:\/\/www.mouthiers-sur-boeme.fr\/index.php?rest_route=\/wp\/v2\/posts\/10312\/revisions\/11065"}],"wp:featuredmedia":[{"embeddable":true,"href":"https:\/\/www.mouthiers-sur-boeme.fr\/index.php?rest_route=\/wp\/v2\/media\/10315"}],"wp:attachment":[{"href":"https:\/\/www.mouthiers-sur-boeme.fr\/index.php?rest_route=%2Fwp%2Fv2%2Fmedia&parent=10312"}],"wp:term":[{"taxonomy":"category","embeddable":true,"href":"https:\/\/www.mouthiers-sur-boeme.fr\/index.php?rest_route=%2Fwp%2Fv2%2Fcategories&post=10312"},{"taxonomy":"post_tag","embeddable":true,"href":"https:\/\/www.mouthiers-sur-boeme.fr\/index.php?rest_route=%2Fwp%2Fv2%2Ftags&post=10312"}],"curies":[{"name":"wp","href":"https:\/\/api.w.org\/{rel}","templated":true}]}}