{"id":11041,"date":"2024-02-08T19:49:17","date_gmt":"2024-02-08T18:49:17","guid":{"rendered":"https:\/\/www.mouthiers-sur-boeme.fr\/?p=11041"},"modified":"2024-02-08T20:31:08","modified_gmt":"2024-02-08T19:31:08","slug":"festival-de-la-biodiversite-2","status":"publish","type":"post","link":"https:\/\/www.mouthiers-sur-boeme.fr\/?p=11041","title":{"rendered":"Festival de la biodiversit\u00e9"},"content":{"rendered":"\n<p>Rendez-vous mardi 13 f\u00e9vrier \u00e0 17h30 salle du conseil \u00e0 la mairie, pour la pr\u00e9paration du prochain festival de la biodiversit\u00e9, qui aura lieu en octobre 2024. On vous attend.<\/p>\n\n\n\n<p style=\"font-size:1px\"><\/p>\n","protected":false},"excerpt":{"rendered":"<p>Rendez-vous mardi 13 f\u00e9vrier \u00e0 17h30 salle du conseil \u00e0 la mairie, pour la pr\u00e9paration du prochain festival de la biodiversit\u00e9, qui aura lieu en octobre 2024. On vous attend.<\/p>\n","protected":false},"author":22,"featured_media":0,"comment_status":"open","ping_status":"open","sticky":false,"template":"","format":"standard","meta":[],"categories":[98,76,1],"tags":[],"_links":{"self":[{"href":"https:\/\/www.mouthiers-sur-boeme.fr\/index.php?rest_route=\/wp\/v2\/posts\/11041"}],"collection":[{"href":"https:\/\/www.mouthiers-sur-boeme.fr\/index.php?rest_route=\/wp\/v2\/posts"}],"about":[{"href":"https:\/\/www.mouthiers-sur-boeme.fr\/index.php?rest_route=\/wp\/v2\/types\/post"}],"author":[{"embeddable":true,"href":"https:\/\/www.mouthiers-sur-boeme.fr\/index.php?rest_route=\/wp\/v2\/users\/22"}],"replies":[{"embeddable":true,"href":"https:\/\/www.mouthiers-sur-boeme.fr\/index.php?rest_route=%2Fwp%2Fv2%2Fcomments&post=11041"}],"version-history":[{"count":2,"href":"https:\/\/www.mouthiers-sur-boeme.fr\/index.php?rest_route=\/wp\/v2\/posts\/11041\/revisions"}],"predecessor-version":[{"id":11043,"href":"https:\/\/www.mouthiers-sur-boeme.fr\/index.php?rest_route=\/wp\/v2\/posts\/11041\/revisions\/11043"}],"wp:attachment":[{"href":"https:\/\/www.mouthiers-sur-boeme.fr\/index.php?rest_route=%2Fwp%2Fv2%2Fmedia&parent=11041"}],"wp:term":[{"taxonomy":"category","embeddable":true,"href":"https:\/\/www.mouthiers-sur-boeme.fr\/index.php?rest_route=%2Fwp%2Fv2%2Fcategories&post=11041"},{"taxonomy":"post_tag","embeddable":true,"href":"https:\/\/www.mouthiers-sur-boeme.fr\/index.php?rest_route=%2Fwp%2Fv2%2Ftags&post=11041"}],"curies":[{"name":"wp","href":"https:\/\/api.w.org\/{rel}","templated":true}]}}