{"id":11107,"date":"2024-03-02T14:25:11","date_gmt":"2024-03-02T13:25:11","guid":{"rendered":"https:\/\/www.mouthiers-sur-boeme.fr\/?p=11107"},"modified":"2024-03-19T11:16:38","modified_gmt":"2024-03-19T10:16:38","slug":"exposition-et-stage-a-la-mjc-en-avril","status":"publish","type":"post","link":"https:\/\/www.mouthiers-sur-boeme.fr\/?p=11107","title":{"rendered":"EXPOSITION ET STAGE \u00c0 LA MJC EN AVRIL"},"content":{"rendered":"\n<figure class=\"wp-block-image size-large\"><a href=\"https:\/\/www.mouthiers-sur-boeme.fr\/wp-content\/uploads\/2024\/03\/A4-A3_XPO_RB_avril24_MJC-JB_v2.jpg\"><img loading=\"lazy\" width=\"595\" height=\"830\" src=\"https:\/\/www.mouthiers-sur-boeme.fr\/wp-content\/uploads\/2024\/03\/A4-A3_XPO_RB_avril24_MJC-JB_v2.jpg\" alt=\"\" class=\"wp-image-11148\" srcset=\"https:\/\/www.mouthiers-sur-boeme.fr\/wp-content\/uploads\/2024\/03\/A4-A3_XPO_RB_avril24_MJC-JB_v2.jpg 595w, https:\/\/www.mouthiers-sur-boeme.fr\/wp-content\/uploads\/2024\/03\/A4-A3_XPO_RB_avril24_MJC-JB_v2-215x300.jpg 215w\" sizes=\"(max-width: 595px) 100vw, 595px\" \/><\/a><\/figure>\n\n\n\n<p><br>La&nbsp;<a rel=\"noreferrer noopener\" href=\"https:\/\/www.facebook.com\/profile.php?id=100094635638960&amp;__cft__[0]=AZW7mpZLct_Q78TXBbgddMWcNXYf91MLVLEWMetHUuQmKr_aFGPCasgMST4Oi1h33y70-zRk0TyZbSxxvjdl60i3vlyJoTmh4LdHjxrGa8S6PAIU-Ng6XT_AsnxA_QBJXNHJCKBESDrrM_5Gq9kwVkI72c8dtvYN2MJ4RD_jNyNndPZVuU8buGtQvixZY5vAE28&amp;__tn__=-]K-R\" target=\"_blank\">MJC Jules Berry Mouthiers sur Bo\u00ebme<\/a>&nbsp;propose un stage d&rsquo;improvisation musicale aux enfants pendant les vacances, les&nbsp;<strong><em>15 et 16 avril de 9h30 \u00e0 12h00<\/em><\/strong>.&nbsp;<img loading=\"lazy\" height=\"16\" width=\"16\" alt=\"\ufffd\ufffd\" src=\"https:\/\/static.xx.fbcdn.net\/images\/emoji.php\/v9\/t58\/1\/16\/1fa98.png\"><img loading=\"lazy\" height=\"16\" width=\"16\" alt=\"\ufffd\ufffd\" src=\"https:\/\/static.xx.fbcdn.net\/images\/emoji.php\/v9\/t4b\/1\/16\/1f3bb.png\"><img loading=\"lazy\" height=\"16\" width=\"16\" alt=\"\ufffd\ufffd\" src=\"https:\/\/static.xx.fbcdn.net\/images\/emoji.php\/v9\/tb9\/1\/16\/1fa88.png\"><br>Un espace d\u2019expression, de d\u00e9couverte des instruments et d\u2019\u00e9change, d\u2019affirmation de soi dans l\u2019\u00e9coute de l\u2019autre, un espace dans lequel la libert\u00e9 et le plaisir sont plac\u00e9s au centre du dispositif propos\u00e9.&nbsp;<strong><em>Aucun pr\u00e9requis musical<\/em><\/strong>.<br><img loading=\"lazy\" height=\"16\" width=\"16\" alt=\"\ufffd\ufffd\" src=\"https:\/\/static.xx.fbcdn.net\/images\/emoji.php\/v9\/t51\/1\/16\/1f449.png\">Sur inscription :&nbsp;<strong><em>60\u20ac par enfant pour les 2 jours de stage<\/em><\/strong>.<\/p>\n\n\n\n<p>mjc-jules-berry@orange.fr<\/p>\n\n\n\n<p><img loading=\"lazy\" height=\"16\" width=\"16\" alt=\"&#x260e;&#xfe0f;\" src=\"https:\/\/static.xx.fbcdn.net\/images\/emoji.php\/v9\/t22\/1\/16\/260e.png\">05 45 21 48 76<\/p>\n\n\n\n<figure class=\"wp-block-image size-large\"><a href=\"https:\/\/www.mouthiers-sur-boeme.fr\/wp-content\/uploads\/2024\/03\/stage-impro-musicale-MJC-JB.jpg\"><img loading=\"lazy\" width=\"724\" height=\"1024\" src=\"https:\/\/www.mouthiers-sur-boeme.fr\/wp-content\/uploads\/2024\/03\/stage-impro-musicale-MJC-JB-724x1024.jpg\" alt=\"\" class=\"wp-image-11109\" srcset=\"https:\/\/www.mouthiers-sur-boeme.fr\/wp-content\/uploads\/2024\/03\/stage-impro-musicale-MJC-JB-724x1024.jpg 724w, https:\/\/www.mouthiers-sur-boeme.fr\/wp-content\/uploads\/2024\/03\/stage-impro-musicale-MJC-JB-212x300.jpg 212w, https:\/\/www.mouthiers-sur-boeme.fr\/wp-content\/uploads\/2024\/03\/stage-impro-musicale-MJC-JB-768x1086.jpg 768w, https:\/\/www.mouthiers-sur-boeme.fr\/wp-content\/uploads\/2024\/03\/stage-impro-musicale-MJC-JB-1086x1536.jpg 1086w, https:\/\/www.mouthiers-sur-boeme.fr\/wp-content\/uploads\/2024\/03\/stage-impro-musicale-MJC-JB.jpg 1414w\" sizes=\"(max-width: 724px) 100vw, 724px\" \/><\/a><\/figure>\n\n\n\n<p><br><strong><em>Jean-Pierre N\u00e9r\u00e9<\/em><\/strong>&nbsp;est violoniste, chef d\u2019orchestre et musicoth\u00e9rapeute. Titulaire d\u2019un dipl\u00f4me de formation sup\u00e9rieure en musicologie au conservatoire national sup\u00e9rieur de musique de Paris, il a \u00e9galement obtenu un DU de musicoth\u00e9rapie \u00e0 l\u2019universit\u00e9 de Toulouse Jean Jaur\u00e8s en 2023. Professeur d\u2019enseignement artistique de la fonction publique territoriale, il enseigne le violon, la direction d\u2019ensembles et l\u2019analyse musicale au conservatoire de Carcassonne Agglo depuis 2015. Il m\u00e8ne \u00e9galement des ateliers de musicoth\u00e9rapie dans des unit\u00e9s de soin en psychiatrie depuis 2023.<\/p>\n\n\n\n<p>Retrouvez l&rsquo;actualit\u00e9 de la MJC&nbsp;Jules Berry&nbsp;sur la page Facebook <\/p>\n\n\n\n<p><a rel=\"noreferrer noopener\" href=\"https:\/\/www.facebook.com\/profile.php?id=100094635638960\" target=\"_blank\">https:\/\/www.facebook.com\/profile.php?id=100094635638960<\/a><\/p>\n","protected":false},"excerpt":{"rendered":"<p>La&nbsp;MJC Jules Berry Mouthiers sur Bo\u00ebme&nbsp;propose un stage d&rsquo;improvisation musicale aux enfants pendant les vacances, les&nbsp;15 et 16 avril de 9h30 \u00e0 12h00.&nbsp;Un espace d\u2019expression, de d\u00e9couverte des instruments et d\u2019\u00e9change, d\u2019affirmation de soi dans l\u2019\u00e9coute de l\u2019autre, un espace dans lequel la libert\u00e9 et le plaisir sont plac\u00e9s au centre du dispositif propos\u00e9.&nbsp;Aucun pr\u00e9requis &hellip; <a href=\"https:\/\/www.mouthiers-sur-boeme.fr\/?p=11107\" class=\"more-link\">Continuer la lecture de <span class=\"screen-reader-text\">EXPOSITION ET STAGE \u00c0 LA MJC EN AVRIL<\/span>  <span class=\"meta-nav\">&rarr;<\/span><\/a><\/p>\n","protected":false},"author":22,"featured_media":11110,"comment_status":"open","ping_status":"open","sticky":false,"template":"","format":"standard","meta":[],"categories":[71],"tags":[],"_links":{"self":[{"href":"https:\/\/www.mouthiers-sur-boeme.fr\/index.php?rest_route=\/wp\/v2\/posts\/11107"}],"collection":[{"href":"https:\/\/www.mouthiers-sur-boeme.fr\/index.php?rest_route=\/wp\/v2\/posts"}],"about":[{"href":"https:\/\/www.mouthiers-sur-boeme.fr\/index.php?rest_route=\/wp\/v2\/types\/post"}],"author":[{"embeddable":true,"href":"https:\/\/www.mouthiers-sur-boeme.fr\/index.php?rest_route=\/wp\/v2\/users\/22"}],"replies":[{"embeddable":true,"href":"https:\/\/www.mouthiers-sur-boeme.fr\/index.php?rest_route=%2Fwp%2Fv2%2Fcomments&post=11107"}],"version-history":[{"count":6,"href":"https:\/\/www.mouthiers-sur-boeme.fr\/index.php?rest_route=\/wp\/v2\/posts\/11107\/revisions"}],"predecessor-version":[{"id":11187,"href":"https:\/\/www.mouthiers-sur-boeme.fr\/index.php?rest_route=\/wp\/v2\/posts\/11107\/revisions\/11187"}],"wp:featuredmedia":[{"embeddable":true,"href":"https:\/\/www.mouthiers-sur-boeme.fr\/index.php?rest_route=\/wp\/v2\/media\/11110"}],"wp:attachment":[{"href":"https:\/\/www.mouthiers-sur-boeme.fr\/index.php?rest_route=%2Fwp%2Fv2%2Fmedia&parent=11107"}],"wp:term":[{"taxonomy":"category","embeddable":true,"href":"https:\/\/www.mouthiers-sur-boeme.fr\/index.php?rest_route=%2Fwp%2Fv2%2Fcategories&post=11107"},{"taxonomy":"post_tag","embeddable":true,"href":"https:\/\/www.mouthiers-sur-boeme.fr\/index.php?rest_route=%2Fwp%2Fv2%2Ftags&post=11107"}],"curies":[{"name":"wp","href":"https:\/\/api.w.org\/{rel}","templated":true}]}}