{"id":11120,"date":"2024-03-04T10:13:15","date_gmt":"2024-03-04T09:13:15","guid":{"rendered":"https:\/\/www.mouthiers-sur-boeme.fr\/?p=11120"},"modified":"2024-04-26T08:50:58","modified_gmt":"2024-04-26T07:50:58","slug":"programme-cinema-mars-et-avril","status":"publish","type":"post","link":"https:\/\/www.mouthiers-sur-boeme.fr\/?p=11120","title":{"rendered":"PROGRAMME CIN\u00c9MA MARS ET AVRIL"},"content":{"rendered":"\n<p><strong>jeudi 28 mars<\/strong> \u00e0&nbsp;20h30<a href=\"https:\/\/www.crcatb.fr\/films-cinema-charente-crcatb\/article\/le-temps-d-aimer\" data-type=\"URL\" data-id=\"https:\/\/www.crcatb.fr\/films-cinema-charente-crcatb\/article\/le-temps-d-aimer\" target=\"_blank\" rel=\"noreferrer noopener\"> Le Temps D\u2019Aimer BANDE ANNONCE<\/a><\/p>\n\n\n\n<h1>Le Temps D\u2019Aimer<\/h1>\n\n\n\n<p>De <strong>Katell Quill\u00e9v\u00e9r\u00e9<\/strong><br>Avec <strong>Ana\u00efs Demoustier, Vincent Lacoste, Paul Beaurepaire<\/strong><br>Genre <strong>Drame, Romance<\/strong><br>Nationalit\u00e9 <strong>France Belgique<\/strong><br>Dur\u00e9e <strong>2h 05<\/strong><\/p>\n\n\n\n<hr class=\"wp-block-separator\"\/>\n\n\n\n<p>1947. Sur une plage, Madeleine, serveuse dans un h\u00f4tel-restaurant, m\u00e8re d\u2019un petit gar\u00e7on, fait la connaissance de Fran\u00e7ois, \u00e9tudiant riche et cultiv\u00e9. Entre eux, c\u2019est comme une \u00e9vidence. La providence. Si l\u2019on sait ce qu\u2019elle veut laisser derri\u00e8re elle en suivant ce jeune homme, on d\u00e9couvre avec le temps ce que Fran\u00e7ois tente de fuir en m\u00ealant le destin de Madeleine au sien&#8230;<\/p>\n\n\n\n<div class=\"wp-block-image\"><figure class=\"aligncenter\"><img src=\"https:\/\/www.crcatb.fr\/local\/cache-vignettes\/L290xH387\/arton2532-291b1.jpg?1709109011\" alt=\"image Le Temps D'Aimer\"\/><\/figure><\/div>\n\n\n\n<p><\/p>\n\n\n\n<p><\/p>\n\n\n\n<p><strong>jeudi 25 avril<\/strong> \u00e0&nbsp;20h30 <a rel=\"noreferrer noopener\" href=\"https:\/\/www.crcatb.fr\/films-cinema-charente-crcatb\/article\/la-vie-de-ma-mere-2630\" target=\"_blank\" data-type=\"URL\" data-id=\"https:\/\/www.crcatb.fr\/films-cinema-charente-crcatb\/article\/la-vie-de-ma-mere-2630\">La Vie de ma m\u00e8re BANDE ANNONCE<\/a><\/p>\n\n\n\n<h1>La Vie de ma m\u00e8re<\/h1>\n\n\n\n<p>De <strong>Julien Carpentier<\/strong><br>Avec <strong>Agn\u00e8s Jaoui, William Lebghil, Salif Ciss\u00e9<\/strong><br>Genre <strong>Com\u00e9die dramatique<\/strong><br>Nationalit\u00e9 <strong>France<\/strong><br>Dur\u00e9e <strong>1h 43<\/strong><\/p>\n\n\n\n<hr class=\"wp-block-separator\"\/>\n\n\n\n<p>Pierre, 33 ans, fleuriste \u00e0 succ\u00e8s, voit sa vie basculer lorsque sa m\u00e8re, Judith, fantasque et excessive, d\u00e9barque dans sa vie apr\u00e8s deux ans sans se voir. Pierre n\u2019a qu\u2019une id\u00e9e, reprendre le cours normal de sa vie, mais rien ne se passe comme pr\u00e9vu. Leurs retrouvailles, aussi inattendues qu\u2019explosives, vont transformer Pierre et Judith \u00e0 jamais.<\/p>\n\n\n\n<div class=\"wp-block-image\"><figure class=\"aligncenter\"><img src=\"https:\/\/www.crcatb.fr\/local\/cache-vignettes\/L290xH387\/arton2630-f937a.jpg?1709112166\" alt=\"image La Vie de ma m\u00e8re\"\/><\/figure><\/div>\n","protected":false},"excerpt":{"rendered":"<p>jeudi 28 mars \u00e0&nbsp;20h30 Le Temps D\u2019Aimer BANDE ANNONCE Le Temps D\u2019Aimer De Katell Quill\u00e9v\u00e9r\u00e9Avec Ana\u00efs Demoustier, Vincent Lacoste, Paul BeaurepaireGenre Drame, RomanceNationalit\u00e9 France BelgiqueDur\u00e9e 2h 05 1947. Sur une plage, Madeleine, serveuse dans un h\u00f4tel-restaurant, m\u00e8re d\u2019un petit gar\u00e7on, fait la connaissance de Fran\u00e7ois, \u00e9tudiant riche et cultiv\u00e9. Entre eux, c\u2019est comme une \u00e9vidence. &hellip; <a href=\"https:\/\/www.mouthiers-sur-boeme.fr\/?p=11120\" class=\"more-link\">Continuer la lecture de <span class=\"screen-reader-text\">PROGRAMME CIN\u00c9MA MARS ET AVRIL<\/span>  <span class=\"meta-nav\">&rarr;<\/span><\/a><\/p>\n","protected":false},"author":22,"featured_media":0,"comment_status":"open","ping_status":"open","sticky":false,"template":"","format":"standard","meta":[],"categories":[65],"tags":[],"_links":{"self":[{"href":"https:\/\/www.mouthiers-sur-boeme.fr\/index.php?rest_route=\/wp\/v2\/posts\/11120"}],"collection":[{"href":"https:\/\/www.mouthiers-sur-boeme.fr\/index.php?rest_route=\/wp\/v2\/posts"}],"about":[{"href":"https:\/\/www.mouthiers-sur-boeme.fr\/index.php?rest_route=\/wp\/v2\/types\/post"}],"author":[{"embeddable":true,"href":"https:\/\/www.mouthiers-sur-boeme.fr\/index.php?rest_route=\/wp\/v2\/users\/22"}],"replies":[{"embeddable":true,"href":"https:\/\/www.mouthiers-sur-boeme.fr\/index.php?rest_route=%2Fwp%2Fv2%2Fcomments&post=11120"}],"version-history":[{"count":2,"href":"https:\/\/www.mouthiers-sur-boeme.fr\/index.php?rest_route=\/wp\/v2\/posts\/11120\/revisions"}],"predecessor-version":[{"id":11123,"href":"https:\/\/www.mouthiers-sur-boeme.fr\/index.php?rest_route=\/wp\/v2\/posts\/11120\/revisions\/11123"}],"wp:attachment":[{"href":"https:\/\/www.mouthiers-sur-boeme.fr\/index.php?rest_route=%2Fwp%2Fv2%2Fmedia&parent=11120"}],"wp:term":[{"taxonomy":"category","embeddable":true,"href":"https:\/\/www.mouthiers-sur-boeme.fr\/index.php?rest_route=%2Fwp%2Fv2%2Fcategories&post=11120"},{"taxonomy":"post_tag","embeddable":true,"href":"https:\/\/www.mouthiers-sur-boeme.fr\/index.php?rest_route=%2Fwp%2Fv2%2Ftags&post=11120"}],"curies":[{"name":"wp","href":"https:\/\/api.w.org\/{rel}","templated":true}]}}