{"id":11258,"date":"2024-04-14T18:01:41","date_gmt":"2024-04-14T17:01:41","guid":{"rendered":"https:\/\/www.mouthiers-sur-boeme.fr\/?p=11258"},"modified":"2024-04-23T09:13:31","modified_gmt":"2024-04-23T08:13:31","slug":"rejane-breillot-17-avril-18h","status":"publish","type":"post","link":"https:\/\/www.mouthiers-sur-boeme.fr\/?p=11258","title":{"rendered":"R\u00e9jane Breillot &#8211;  17 avril 18h"},"content":{"rendered":"\n<figure class=\"wp-block-image size-large\"><a href=\"https:\/\/www.mouthiers-sur-boeme.fr\/wp-content\/uploads\/2024\/04\/MJC.png\"><img loading=\"lazy\" width=\"1010\" height=\"490\" src=\"https:\/\/www.mouthiers-sur-boeme.fr\/wp-content\/uploads\/2024\/04\/MJC.png\" alt=\"\" class=\"wp-image-11259\" srcset=\"https:\/\/www.mouthiers-sur-boeme.fr\/wp-content\/uploads\/2024\/04\/MJC.png 1010w, https:\/\/www.mouthiers-sur-boeme.fr\/wp-content\/uploads\/2024\/04\/MJC-300x146.png 300w, https:\/\/www.mouthiers-sur-boeme.fr\/wp-content\/uploads\/2024\/04\/MJC-768x373.png 768w\" sizes=\"(max-width: 1010px) 100vw, 1010px\" \/><\/a><\/figure>\n\n\n\n<p>Lors du vernissage de l&rsquo;exposition, plusieurs artistes en herbe, se sont retrouv\u00e9s autour d&rsquo;une table avec papier, pinceaux, pastels, crayons et ont laiss\u00e9 aller leur imagination accompagn\u00e9e au violon. Le final \u00ab\u00a0finissage\u00a0\u00bb aura lieu mercredi 17 avril \u00e0 18h \u00e0 la MJC. Nous comptons sur vous.<\/p>\n","protected":false},"excerpt":{"rendered":"<p>Lors du vernissage de l&rsquo;exposition, plusieurs artistes en herbe, se sont retrouv\u00e9s autour d&rsquo;une table avec papier, pinceaux, pastels, crayons et ont laiss\u00e9 aller leur imagination accompagn\u00e9e au violon. Le final \u00ab\u00a0finissage\u00a0\u00bb aura lieu mercredi 17 avril \u00e0 18h \u00e0 la MJC. Nous comptons sur vous.<\/p>\n","protected":false},"author":22,"featured_media":0,"comment_status":"open","ping_status":"open","sticky":false,"template":"","format":"standard","meta":[],"categories":[17,71],"tags":[],"_links":{"self":[{"href":"https:\/\/www.mouthiers-sur-boeme.fr\/index.php?rest_route=\/wp\/v2\/posts\/11258"}],"collection":[{"href":"https:\/\/www.mouthiers-sur-boeme.fr\/index.php?rest_route=\/wp\/v2\/posts"}],"about":[{"href":"https:\/\/www.mouthiers-sur-boeme.fr\/index.php?rest_route=\/wp\/v2\/types\/post"}],"author":[{"embeddable":true,"href":"https:\/\/www.mouthiers-sur-boeme.fr\/index.php?rest_route=\/wp\/v2\/users\/22"}],"replies":[{"embeddable":true,"href":"https:\/\/www.mouthiers-sur-boeme.fr\/index.php?rest_route=%2Fwp%2Fv2%2Fcomments&post=11258"}],"version-history":[{"count":1,"href":"https:\/\/www.mouthiers-sur-boeme.fr\/index.php?rest_route=\/wp\/v2\/posts\/11258\/revisions"}],"predecessor-version":[{"id":11260,"href":"https:\/\/www.mouthiers-sur-boeme.fr\/index.php?rest_route=\/wp\/v2\/posts\/11258\/revisions\/11260"}],"wp:attachment":[{"href":"https:\/\/www.mouthiers-sur-boeme.fr\/index.php?rest_route=%2Fwp%2Fv2%2Fmedia&parent=11258"}],"wp:term":[{"taxonomy":"category","embeddable":true,"href":"https:\/\/www.mouthiers-sur-boeme.fr\/index.php?rest_route=%2Fwp%2Fv2%2Fcategories&post=11258"},{"taxonomy":"post_tag","embeddable":true,"href":"https:\/\/www.mouthiers-sur-boeme.fr\/index.php?rest_route=%2Fwp%2Fv2%2Ftags&post=11258"}],"curies":[{"name":"wp","href":"https:\/\/api.w.org\/{rel}","templated":true}]}}