{"id":11274,"date":"2024-04-18T09:26:34","date_gmt":"2024-04-18T08:26:34","guid":{"rendered":"https:\/\/www.mouthiers-sur-boeme.fr\/?p=11274"},"modified":"2024-06-04T08:57:05","modified_gmt":"2024-06-04T07:57:05","slug":"animations-en-mai-fait-ce-qui-te-plait","status":"publish","type":"post","link":"https:\/\/www.mouthiers-sur-boeme.fr\/?p=11274","title":{"rendered":"animations En mai, fais ce qui te pla\u00eet !"},"content":{"rendered":"\n<p><strong>Dans le cadre du festival Petites Oreilles en Goguette :<\/strong><br>&#8211; Du 21 au 30 Mai : <em>Exposition Petit mus\u00e9e d&rsquo;exp\u00e9rimentations sensorielles : Le jardin au bout des doigts<\/em> de P\u00e9n\u00e9lope.<\/p>\n\n\n\n<div class=\"wp-block-image\"><figure class=\"aligncenter size-large is-resized\"><a href=\"https:\/\/www.mouthiers-sur-boeme.fr\/wp-content\/uploads\/2024\/04\/2024-Petites-oreilles-en-goguetteMediatheque.png\"><img loading=\"lazy\" src=\"https:\/\/www.mouthiers-sur-boeme.fr\/wp-content\/uploads\/2024\/04\/2024-Petites-oreilles-en-goguetteMediatheque.png\" alt=\"\" class=\"wp-image-11275\" width=\"329\" height=\"414\"\/><\/a><\/figure><\/div>\n\n\n\n<p><strong>Dans le cadre du festival Graines de M\u00f4mes :<\/strong><br>&#8211; Du 13 Mai au 12 Juin : Exposition \u00ab\u00a0Papilles Gustatives\u00a0\u00bb par Fichtre Diantre<br>&#8211; Mercredi 22 Mai \u00e0 10h30 \u00e0 la m\u00e9diath\u00e8que Spectacle <em>Trois, Quatre&#8230; <\/em>par la compagnie Canailles Rock. Spectacle \u00e0 partir de 3 ans. Gratuit. R\u00e9servations obligatoires.<br>&#8211; Samedi 25 Mai \u00e0 10h \u00e0 la m\u00e9diath\u00e8que atelier\u00a0\u00bb Tout se mange, tout se dessine\u00a0\u00bb par Geoffrey Grimal.  Atelier \u00e0 partir de 5 ans. Gratuit. R\u00e9servations obligatoires.<br>&#8211; Samedi 25 Mai \u00e0 14h \u00e0 la m\u00e9diath\u00e8que l&rsquo;atelier qui donne grave la banane par Geoffrey Grimal. Atelier \u00e0 partir de 5 ans. Gratuit. R\u00e9servations obligatoires.<\/p>\n\n\n\n<div class=\"wp-block-image\"><figure class=\"aligncenter size-large is-resized\"><a href=\"https:\/\/www.mouthiers-sur-boeme.fr\/wp-content\/uploads\/2024\/04\/2024-03-21-graines-de-momes-charente.jpg\"><img loading=\"lazy\" src=\"https:\/\/www.mouthiers-sur-boeme.fr\/wp-content\/uploads\/2024\/04\/2024-03-21-graines-de-momes-charente-722x1024.jpg\" alt=\"\" class=\"wp-image-11276\" width=\"338\" height=\"479\" srcset=\"https:\/\/www.mouthiers-sur-boeme.fr\/wp-content\/uploads\/2024\/04\/2024-03-21-graines-de-momes-charente-722x1024.jpg 722w, https:\/\/www.mouthiers-sur-boeme.fr\/wp-content\/uploads\/2024\/04\/2024-03-21-graines-de-momes-charente-211x300.jpg 211w, https:\/\/www.mouthiers-sur-boeme.fr\/wp-content\/uploads\/2024\/04\/2024-03-21-graines-de-momes-charente-768x1089.jpg 768w, https:\/\/www.mouthiers-sur-boeme.fr\/wp-content\/uploads\/2024\/04\/2024-03-21-graines-de-momes-charente.jpg 1080w\" sizes=\"(max-width: 338px) 100vw, 338px\" \/><\/a><\/figure><\/div>\n\n\n\n<p class=\"has-text-align-center has-text-color\" style=\"color:#a30000;font-size:25px\"><strong>Fermeture exceptionnelle de votre m\u00e9diath\u00e8que, le mercredi 1er mai et du mercredi 8 mai au samedi 11 mai inclus.<\/strong><\/p>\n","protected":false},"excerpt":{"rendered":"<p>Dans le cadre du festival Petites Oreilles en Goguette :&#8211; Du 21 au 30 Mai : Exposition Petit mus\u00e9e d&rsquo;exp\u00e9rimentations sensorielles : Le jardin au bout des doigts de P\u00e9n\u00e9lope. Dans le cadre du festival Graines de M\u00f4mes :&#8211; Du 13 Mai au 12 Juin : Exposition \u00ab\u00a0Papilles Gustatives\u00a0\u00bb par Fichtre Diantre&#8211; Mercredi 22 Mai &hellip; <a href=\"https:\/\/www.mouthiers-sur-boeme.fr\/?p=11274\" class=\"more-link\">Continuer la lecture de <span class=\"screen-reader-text\">animations En mai, fais ce qui te pla\u00eet !<\/span>  <span class=\"meta-nav\">&rarr;<\/span><\/a><\/p>\n","protected":false},"author":22,"featured_media":8017,"comment_status":"open","ping_status":"open","sticky":false,"template":"","format":"standard","meta":[],"categories":[20,83],"tags":[],"_links":{"self":[{"href":"https:\/\/www.mouthiers-sur-boeme.fr\/index.php?rest_route=\/wp\/v2\/posts\/11274"}],"collection":[{"href":"https:\/\/www.mouthiers-sur-boeme.fr\/index.php?rest_route=\/wp\/v2\/posts"}],"about":[{"href":"https:\/\/www.mouthiers-sur-boeme.fr\/index.php?rest_route=\/wp\/v2\/types\/post"}],"author":[{"embeddable":true,"href":"https:\/\/www.mouthiers-sur-boeme.fr\/index.php?rest_route=\/wp\/v2\/users\/22"}],"replies":[{"embeddable":true,"href":"https:\/\/www.mouthiers-sur-boeme.fr\/index.php?rest_route=%2Fwp%2Fv2%2Fcomments&post=11274"}],"version-history":[{"count":4,"href":"https:\/\/www.mouthiers-sur-boeme.fr\/index.php?rest_route=\/wp\/v2\/posts\/11274\/revisions"}],"predecessor-version":[{"id":11284,"href":"https:\/\/www.mouthiers-sur-boeme.fr\/index.php?rest_route=\/wp\/v2\/posts\/11274\/revisions\/11284"}],"wp:featuredmedia":[{"embeddable":true,"href":"https:\/\/www.mouthiers-sur-boeme.fr\/index.php?rest_route=\/wp\/v2\/media\/8017"}],"wp:attachment":[{"href":"https:\/\/www.mouthiers-sur-boeme.fr\/index.php?rest_route=%2Fwp%2Fv2%2Fmedia&parent=11274"}],"wp:term":[{"taxonomy":"category","embeddable":true,"href":"https:\/\/www.mouthiers-sur-boeme.fr\/index.php?rest_route=%2Fwp%2Fv2%2Fcategories&post=11274"},{"taxonomy":"post_tag","embeddable":true,"href":"https:\/\/www.mouthiers-sur-boeme.fr\/index.php?rest_route=%2Fwp%2Fv2%2Ftags&post=11274"}],"curies":[{"name":"wp","href":"https:\/\/api.w.org\/{rel}","templated":true}]}}