{"id":11312,"date":"2024-04-26T08:58:01","date_gmt":"2024-04-26T07:58:01","guid":{"rendered":"https:\/\/www.mouthiers-sur-boeme.fr\/?p=11312"},"modified":"2024-06-07T08:15:13","modified_gmt":"2024-06-07T07:15:13","slug":"programme-cinema-mai-juin","status":"publish","type":"post","link":"https:\/\/www.mouthiers-sur-boeme.fr\/?p=11312","title":{"rendered":"Programme cin\u00e9ma mai\/juin"},"content":{"rendered":"\n<h3><strong>jeudi 9 mai<\/strong> \u00e0&nbsp;20h30  <a href=\"https:\/\/www.crcatb.fr\/films-cinema-charente-crcatb\/article\/une-famille\">Une famille<\/a><\/h3>\n\n\n\n<div class=\"wp-block-image\"><figure class=\"alignright\"><img src=\"https:\/\/www.crcatb.fr\/local\/cache-vignettes\/L290xH387\/famill-ee1b4.jpg?1712910699\" alt=\"image Une famille\"\/><\/figure><\/div>\n\n\n\n<h1>Une famille<\/h1>\n\n\n\n<p class=\"has-text-align-left\">De <strong>Christine Angot<\/strong><br>Genre <strong>Documentaire<\/strong><br>Nationalit\u00e9 <strong>France<\/strong><br>Dur\u00e9e <strong>1h 21<\/strong><\/p>\n\n\n\n<p class=\"has-text-align-left\">L\u2019\u00e9crivaine Christine Angot est invit\u00e9e pour des raisons professionnelles \u00e0 Strasbourg, o\u00f9 son p\u00e8re a v\u00e9cu jusqu\u2019\u00e0 sa mort en 1999. C\u2019est la ville o\u00f9 elle l\u2019a rencontr\u00e9 pour la premi\u00e8re fois \u00e0 treize ans, et o\u00f9 il a commenc\u00e9 \u00e0 la violer. Sa femme et ses enfants y vivent toujours.<\/p>\n\n\n\n<p>Angot prend une cam\u00e9ra, et frappe aux portes de la famille.<\/p>\n\n\n\n<h3><strong>jeudi 23 mai<\/strong> \u00e0&nbsp;20h30  <a href=\"https:\/\/www.crcatb.fr\/films-cinema-charente-crcatb\/article\/bolero\">Bolero<\/a><\/h3>\n\n\n\n<div class=\"wp-block-image\"><figure class=\"alignright\"><img src=\"https:\/\/www.crcatb.fr\/local\/cache-vignettes\/L290xH387\/bolero-6747b.jpg?1709803480\" alt=\"image Bolero\"\/><\/figure><\/div>\n\n\n\n<h1>Bolero<\/h1>\n\n\n\n<p>De <strong>Anne Fontaine<\/strong><br>Avec <strong>Rapha\u00ebl Personnaz, Doria Tillier, Jeanne Balibar<\/strong><br>Genre <strong>Biopic<\/strong><br>Nationalit\u00e9 <strong>France<\/strong><br>Dur\u00e9e <strong>2h 00<\/strong><\/p>\n\n\n\n<p>En 1928, alors que Paris vit au rythme des ann\u00e9es folles, la danseuse Ida Rubinstein commande \u00e0 Maurice Ravel la musique de son prochain ballet. T\u00e9tanis\u00e9 et en panne d\u2019inspiration, le compositeur feuillette les pages de sa vie &#8211; les \u00e9checs de ses d\u00e9buts, la fracture de la Grande Guerre, l\u2019amour impossible qu\u2019il \u00e9prouve pour sa muse Misia Sert\u2026 Ravel va alors plonger au plus profond de lui-m\u00eame pour cr\u00e9er son oeuvre universelle, le Bolero.<\/p>\n\n\n\n<h3><strong>jeudi 6 juin<\/strong> \u00e0&nbsp;20h30  <a href=\"https:\/\/www.crcatb.fr\/films-cinema-charente-crcatb\/article\/freres\">Fr\u00e8res<\/a><\/h3>\n\n\n\n<div class=\"wp-block-image\"><figure class=\"alignright\"><img src=\"https:\/\/www.crcatb.fr\/local\/cache-vignettes\/L290xH393\/frer-0e171.jpg?1713686082\" alt=\"image Fr\u00e8res\"\/><\/figure><\/div>\n\n\n\n<h1>Fr\u00e8res<\/h1>\n\n\n\n<p>De <strong>Olivier Casas<\/strong><br>Avec <strong>Mathieu Kassovitz, Yvan Attal, Alma Jodorowsky<\/strong><br>Genre <strong>Drame<\/strong><br>Nationalit\u00e9 <strong>France<\/strong><br>Dur\u00e9e <strong>1h 46<\/strong><\/p>\n\n\n\n<hr class=\"wp-block-separator\"\/>\n\n\n\n<p>L\u2019histoire vraie de deux petits gar\u00e7ons de 5 et 7 ans qui, abandonn\u00e9s par leur m\u00e8re en 1948, s\u2019enfuient dans la for\u00eat. Ils vont y survivre pendant sept ann\u00e9es et tisser un lien qui les unira \u00e0 jamais. Des d\u00e9cennies plus tard, les deux fr\u00e8res quittent tout pour se retrouver. Mais le pass\u00e9 et les secrets les rattrapent, m\u00eame \u00e0 l\u2019autre bout du monde.<\/p>\n","protected":false},"excerpt":{"rendered":"<p>jeudi 9 mai \u00e0&nbsp;20h30 Une famille Une famille De Christine AngotGenre DocumentaireNationalit\u00e9 FranceDur\u00e9e 1h 21 L\u2019\u00e9crivaine Christine Angot est invit\u00e9e pour des raisons professionnelles \u00e0 Strasbourg, o\u00f9 son p\u00e8re a v\u00e9cu jusqu\u2019\u00e0 sa mort en 1999. C\u2019est la ville o\u00f9 elle l\u2019a rencontr\u00e9 pour la premi\u00e8re fois \u00e0 treize ans, et o\u00f9 il a commenc\u00e9 &hellip; <a href=\"https:\/\/www.mouthiers-sur-boeme.fr\/?p=11312\" class=\"more-link\">Continuer la lecture de <span class=\"screen-reader-text\">Programme cin\u00e9ma mai\/juin<\/span>  <span class=\"meta-nav\">&rarr;<\/span><\/a><\/p>\n","protected":false},"author":22,"featured_media":11313,"comment_status":"open","ping_status":"open","sticky":false,"template":"","format":"standard","meta":[],"categories":[71,13],"tags":[],"_links":{"self":[{"href":"https:\/\/www.mouthiers-sur-boeme.fr\/index.php?rest_route=\/wp\/v2\/posts\/11312"}],"collection":[{"href":"https:\/\/www.mouthiers-sur-boeme.fr\/index.php?rest_route=\/wp\/v2\/posts"}],"about":[{"href":"https:\/\/www.mouthiers-sur-boeme.fr\/index.php?rest_route=\/wp\/v2\/types\/post"}],"author":[{"embeddable":true,"href":"https:\/\/www.mouthiers-sur-boeme.fr\/index.php?rest_route=\/wp\/v2\/users\/22"}],"replies":[{"embeddable":true,"href":"https:\/\/www.mouthiers-sur-boeme.fr\/index.php?rest_route=%2Fwp%2Fv2%2Fcomments&post=11312"}],"version-history":[{"count":6,"href":"https:\/\/www.mouthiers-sur-boeme.fr\/index.php?rest_route=\/wp\/v2\/posts\/11312\/revisions"}],"predecessor-version":[{"id":11398,"href":"https:\/\/www.mouthiers-sur-boeme.fr\/index.php?rest_route=\/wp\/v2\/posts\/11312\/revisions\/11398"}],"wp:featuredmedia":[{"embeddable":true,"href":"https:\/\/www.mouthiers-sur-boeme.fr\/index.php?rest_route=\/wp\/v2\/media\/11313"}],"wp:attachment":[{"href":"https:\/\/www.mouthiers-sur-boeme.fr\/index.php?rest_route=%2Fwp%2Fv2%2Fmedia&parent=11312"}],"wp:term":[{"taxonomy":"category","embeddable":true,"href":"https:\/\/www.mouthiers-sur-boeme.fr\/index.php?rest_route=%2Fwp%2Fv2%2Fcategories&post=11312"},{"taxonomy":"post_tag","embeddable":true,"href":"https:\/\/www.mouthiers-sur-boeme.fr\/index.php?rest_route=%2Fwp%2Fv2%2Ftags&post=11312"}],"curies":[{"name":"wp","href":"https:\/\/api.w.org\/{rel}","templated":true}]}}