{"id":11363,"date":"2024-05-26T14:50:09","date_gmt":"2024-05-26T13:50:09","guid":{"rendered":"https:\/\/www.mouthiers-sur-boeme.fr\/?p=11363"},"modified":"2024-06-19T14:41:02","modified_gmt":"2024-06-19T13:41:02","slug":"mediatheque-4","status":"publish","type":"post","link":"https:\/\/www.mouthiers-sur-boeme.fr\/?p=11363","title":{"rendered":"Programme de l&rsquo;\u00e9t\u00e9 et horaires"},"content":{"rendered":"\n<p>Bonjour,<\/p>\n\n\n\n<p>Voici les informations concernant la m\u00e9diath\u00e8que pour cet \u00e9t\u00e9 :<\/p>\n\n\n\n<p>&#8211; Exposition Papilles Gustatives du 7 Mai au 12 Juin dans le cadre du Festival Graines de M\u00f4mes<br>&#8211; Exposition d\u2019\u0153uvres gourmandes de l&rsquo;Artoth\u00e8que du 2 Mai au 2 Juillet<\/p>\n\n\n\n<p><\/p>\n\n\n\n<p>Horaires d&rsquo;\u00e9t\u00e9 du 1er Juillet au 2 Septembre :<br>&#8211; Lundi : ferm\u00e9<br>&#8211; Mardi : 9h &#8211; 12h30<br>&#8211; Mercredi : 9h &#8211; 12h30<br>&#8211; Jeudi : 9h &#8211; 12h30<br>&#8211; Vendredi : 9h &#8211; 12h30<br>&#8211; Samedi : ferm\u00e9<br>&#8211; Dimanche : ferm\u00e9<\/p>\n\n\n\n<p>Suite \u00e0 la cyberattaque que nous avons subi cette ann\u00e9e, il est n\u00e9cessaire pour le R\u00e9seau Papillon-Lecture d&rsquo;effectuer un inventaire g\u00e9n\u00e9ral de ses collections.<br>Pour cela, la m\u00e9diath\u00e8que de Mouthiers sera ferm\u00e9e du <strong>29 JUILLET AU 12 AO\u00dbT<\/strong>. Les biblioth\u00e8ques du R\u00e9seau Papillon (Roullet, Claix, Sireuil, Voeuil, Trois-Palis) seront ferm\u00e9es tout le mois d&rsquo;Ao\u00fbt.<\/p>\n","protected":false},"excerpt":{"rendered":"<p>Bonjour, Voici les informations concernant la m\u00e9diath\u00e8que pour cet \u00e9t\u00e9 : &#8211; Exposition Papilles Gustatives du 7 Mai au 12 Juin dans le cadre du Festival Graines de M\u00f4mes&#8211; Exposition d\u2019\u0153uvres gourmandes de l&rsquo;Artoth\u00e8que du 2 Mai au 2 Juillet Horaires d&rsquo;\u00e9t\u00e9 du 1er Juillet au 2 Septembre :&#8211; Lundi : ferm\u00e9&#8211; Mardi : 9h &hellip; <a href=\"https:\/\/www.mouthiers-sur-boeme.fr\/?p=11363\" class=\"more-link\">Continuer la lecture de <span class=\"screen-reader-text\">Programme de l&rsquo;\u00e9t\u00e9 et horaires<\/span>  <span class=\"meta-nav\">&rarr;<\/span><\/a><\/p>\n","protected":false},"author":22,"featured_media":0,"comment_status":"open","ping_status":"open","sticky":false,"template":"","format":"standard","meta":[],"categories":[20],"tags":[],"_links":{"self":[{"href":"https:\/\/www.mouthiers-sur-boeme.fr\/index.php?rest_route=\/wp\/v2\/posts\/11363"}],"collection":[{"href":"https:\/\/www.mouthiers-sur-boeme.fr\/index.php?rest_route=\/wp\/v2\/posts"}],"about":[{"href":"https:\/\/www.mouthiers-sur-boeme.fr\/index.php?rest_route=\/wp\/v2\/types\/post"}],"author":[{"embeddable":true,"href":"https:\/\/www.mouthiers-sur-boeme.fr\/index.php?rest_route=\/wp\/v2\/users\/22"}],"replies":[{"embeddable":true,"href":"https:\/\/www.mouthiers-sur-boeme.fr\/index.php?rest_route=%2Fwp%2Fv2%2Fcomments&post=11363"}],"version-history":[{"count":4,"href":"https:\/\/www.mouthiers-sur-boeme.fr\/index.php?rest_route=\/wp\/v2\/posts\/11363\/revisions"}],"predecessor-version":[{"id":11454,"href":"https:\/\/www.mouthiers-sur-boeme.fr\/index.php?rest_route=\/wp\/v2\/posts\/11363\/revisions\/11454"}],"wp:attachment":[{"href":"https:\/\/www.mouthiers-sur-boeme.fr\/index.php?rest_route=%2Fwp%2Fv2%2Fmedia&parent=11363"}],"wp:term":[{"taxonomy":"category","embeddable":true,"href":"https:\/\/www.mouthiers-sur-boeme.fr\/index.php?rest_route=%2Fwp%2Fv2%2Fcategories&post=11363"},{"taxonomy":"post_tag","embeddable":true,"href":"https:\/\/www.mouthiers-sur-boeme.fr\/index.php?rest_route=%2Fwp%2Fv2%2Ftags&post=11363"}],"curies":[{"name":"wp","href":"https:\/\/api.w.org\/{rel}","templated":true}]}}