{"id":11369,"date":"2025-01-31T15:19:00","date_gmt":"2025-01-31T14:19:00","guid":{"rendered":"https:\/\/www.mouthiers-sur-boeme.fr\/?p=11369"},"modified":"2025-05-15T09:04:38","modified_gmt":"2025-05-15T08:04:38","slug":"la-creche-familiale-recrute","status":"publish","type":"post","link":"https:\/\/www.mouthiers-sur-boeme.fr\/?p=11369","title":{"rendered":"La cr\u00e8che familiale recrute"},"content":{"rendered":"\n<p>Vous \u00eates int\u00e9ress\u00e9(e) par le m\u00e9tier d&rsquo;assistant(e) maternel(le) ?<\/p>\n\n\n\n<p>Informez-vous aupr\u00e8s de la direction de la cr\u00e8che familiale de Mouthiers sur Bo\u00ebme au<strong> 05 45 67 84 88<\/strong><\/p>\n\n\n\n<p>ou par courriel \u00e0 <strong>creche.ptitsloups@mouthiers-sur-boeme.fr<\/strong><\/p>\n\n\n\n<p>Bureaux ouverts du lundi au vendredi de 9h00 \u00e0 17h00<\/p>\n\n\n\n<figure class=\"wp-block-image size-large\"><a href=\"https:\/\/www.mouthiers-sur-boeme.fr\/wp-content\/uploads\/2024\/05\/photo-creche-1-2024-scaled.jpg\"><img loading=\"lazy\" width=\"1024\" height=\"768\" src=\"https:\/\/www.mouthiers-sur-boeme.fr\/wp-content\/uploads\/2024\/05\/photo-creche-1-2024-1024x768.jpg\" alt=\"\" class=\"wp-image-11326\" srcset=\"https:\/\/www.mouthiers-sur-boeme.fr\/wp-content\/uploads\/2024\/05\/photo-creche-1-2024-1024x768.jpg 1024w, https:\/\/www.mouthiers-sur-boeme.fr\/wp-content\/uploads\/2024\/05\/photo-creche-1-2024-300x225.jpg 300w, https:\/\/www.mouthiers-sur-boeme.fr\/wp-content\/uploads\/2024\/05\/photo-creche-1-2024-768x576.jpg 768w, https:\/\/www.mouthiers-sur-boeme.fr\/wp-content\/uploads\/2024\/05\/photo-creche-1-2024-1536x1152.jpg 1536w, https:\/\/www.mouthiers-sur-boeme.fr\/wp-content\/uploads\/2024\/05\/photo-creche-1-2024-2048x1536.jpg 2048w\" sizes=\"(max-width: 1024px) 100vw, 1024px\" \/><\/a><\/figure>\n","protected":false},"excerpt":{"rendered":"<p>Vous \u00eates int\u00e9ress\u00e9(e) par le m\u00e9tier d&rsquo;assistant(e) maternel(le) ? Informez-vous aupr\u00e8s de la direction de la cr\u00e8che familiale de Mouthiers sur Bo\u00ebme au 05 45 67 84 88 ou par courriel \u00e0 creche.ptitsloups@mouthiers-sur-boeme.fr Bureaux ouverts du lundi au vendredi de 9h00 \u00e0 17h00<\/p>\n","protected":false},"author":22,"featured_media":11325,"comment_status":"open","ping_status":"open","sticky":false,"template":"","format":"standard","meta":[],"categories":[49,11],"tags":[],"_links":{"self":[{"href":"https:\/\/www.mouthiers-sur-boeme.fr\/index.php?rest_route=\/wp\/v2\/posts\/11369"}],"collection":[{"href":"https:\/\/www.mouthiers-sur-boeme.fr\/index.php?rest_route=\/wp\/v2\/posts"}],"about":[{"href":"https:\/\/www.mouthiers-sur-boeme.fr\/index.php?rest_route=\/wp\/v2\/types\/post"}],"author":[{"embeddable":true,"href":"https:\/\/www.mouthiers-sur-boeme.fr\/index.php?rest_route=\/wp\/v2\/users\/22"}],"replies":[{"embeddable":true,"href":"https:\/\/www.mouthiers-sur-boeme.fr\/index.php?rest_route=%2Fwp%2Fv2%2Fcomments&post=11369"}],"version-history":[{"count":2,"href":"https:\/\/www.mouthiers-sur-boeme.fr\/index.php?rest_route=\/wp\/v2\/posts\/11369\/revisions"}],"predecessor-version":[{"id":11372,"href":"https:\/\/www.mouthiers-sur-boeme.fr\/index.php?rest_route=\/wp\/v2\/posts\/11369\/revisions\/11372"}],"wp:featuredmedia":[{"embeddable":true,"href":"https:\/\/www.mouthiers-sur-boeme.fr\/index.php?rest_route=\/wp\/v2\/media\/11325"}],"wp:attachment":[{"href":"https:\/\/www.mouthiers-sur-boeme.fr\/index.php?rest_route=%2Fwp%2Fv2%2Fmedia&parent=11369"}],"wp:term":[{"taxonomy":"category","embeddable":true,"href":"https:\/\/www.mouthiers-sur-boeme.fr\/index.php?rest_route=%2Fwp%2Fv2%2Fcategories&post=11369"},{"taxonomy":"post_tag","embeddable":true,"href":"https:\/\/www.mouthiers-sur-boeme.fr\/index.php?rest_route=%2Fwp%2Fv2%2Ftags&post=11369"}],"curies":[{"name":"wp","href":"https:\/\/api.w.org\/{rel}","templated":true}]}}