{"id":11373,"date":"2024-05-31T15:47:00","date_gmt":"2024-05-31T14:47:00","guid":{"rendered":"https:\/\/www.mouthiers-sur-boeme.fr\/?p=11373"},"modified":"2024-09-02T15:24:16","modified_gmt":"2024-09-02T14:24:16","slug":"le-programme-de-lete","status":"publish","type":"post","link":"https:\/\/www.mouthiers-sur-boeme.fr\/?p=11373","title":{"rendered":"Le programme de l&rsquo;\u00e9t\u00e9"},"content":{"rendered":"\n<p class=\"has-green-color has-text-color has-medium-font-size\"><strong>Expositions  artistiques au Centre Social Effervescentre<\/strong><\/p>\n\n\n\n<p>\u201c<strong>Les 5 continents de la parentalit\u00e9\u201d<\/strong>, du 27 mai au 1er juin 2024<\/p>\n\n\n\n<p>\u201c<strong>Huile et pastel\u201d artiste Marie-Odile Hitier,<\/strong> du 7 au 22 juin 2024, vernissage le mercredi 12 juin \u00e0 18h30.<\/p>\n\n\n\n<p class=\"has-green-color has-text-color has-medium-font-size\"><strong>\u00c9<\/strong><strong>v\u00e8nements familles<\/strong><\/p>\n\n\n\n<!--more-->\n\n\n\n<p><strong>Rencontres bla bla smoothies<\/strong><\/p>\n\n\n\n<p>Le P\u00f4le social propose une rencontre autour d\u2019un go\u00fbter offert avec les parents d\u2019\u00e9l\u00e8ves \u00e0 la sortie des \u00e9coles, sur les diff\u00e9rentes communes. L\u2019occasion de partager un moment convivial, d\u2019\u00e9changer et d\u2019informer les parents sur les \u00e9v\u00e9nements de l\u2019\u00e9t\u00e9 port\u00e9s et propos\u00e9s par Effervescentre.  Mardi 28 mai \u00e0 l\u2019\u00e9cole de Mouthiers \u00e0 16h30.<\/p>\n\n\n\n<p><strong>Atelier parents \/ enfants<\/strong><\/p>\n\n\n\n<p>Atelier cr\u00e9atif en famille, parents\/enfants, grands-parents\/enfants de 14h \u00e0 16h30 \u00e0 Effervescentre \u00e0 Roullet-St-Est\u00e8phe. Caf\u00e9, th\u00e9 et go\u00fbter offert. Mercredi 19 juin, cr\u00e9ation de jeux d\u2019\u00e9t\u00e9 pour le voyage.<\/p>\n\n\n\n<p>Adh\u00e9sion 3\u20ac\/an, sur inscription.<\/p>\n\n\n\n<p>1 mercredi 1 fois par mois, pour conna\u00eetre les dates et th\u00e9matiques des ateliers rendez-vous sur notre page Facebook ou contactez-nous au 05 45 67 84 38<\/p>\n\n\n\n<p><strong>Sport en famille<\/strong><\/p>\n\n\n\n<p>Samedi 25 mai 2024, de 10h \u00e0 12h, initiation boxe, parents\/ados, \u00e0 partir de 12 ans, \u00e0 Trois-Palis.<\/p>\n\n\n\n<p><strong>Sorties en famille<\/strong><\/p>\n\n\n\n<p>Mercredi 10 juillet journ\u00e9e plage en Charente-Maritime, animations, jeux de plage et visite de Royan (17)<\/p>\n\n\n\n<p>Mercredi 17 juillet journ\u00e9e dans la Vienne, visite du parc zoologique Terre de Dragons \u00e0 Civaux (86)<\/p>\n\n\n\n<p>Mercredi 24 juillet journ\u00e9e dans le P\u00e9rigord Vert, au Grand \u00e9tang de St Est\u00e8phe, promenade au Roc Branlant (24)<\/p>\n\n\n\n<figure class=\"wp-block-image size-large\"><a href=\"https:\/\/www.mouthiers-sur-boeme.fr\/wp-content\/uploads\/2024\/06\/A4_Sortie_Ete24_v6.jpg\"><img loading=\"lazy\" width=\"1024\" height=\"724\" src=\"https:\/\/www.mouthiers-sur-boeme.fr\/wp-content\/uploads\/2024\/06\/A4_Sortie_Ete24_v6-1024x724.jpg\" alt=\"\" class=\"wp-image-11435\" srcset=\"https:\/\/www.mouthiers-sur-boeme.fr\/wp-content\/uploads\/2024\/06\/A4_Sortie_Ete24_v6-1024x724.jpg 1024w, https:\/\/www.mouthiers-sur-boeme.fr\/wp-content\/uploads\/2024\/06\/A4_Sortie_Ete24_v6-300x212.jpg 300w, https:\/\/www.mouthiers-sur-boeme.fr\/wp-content\/uploads\/2024\/06\/A4_Sortie_Ete24_v6-768x543.jpg 768w, https:\/\/www.mouthiers-sur-boeme.fr\/wp-content\/uploads\/2024\/06\/A4_Sortie_Ete24_v6.jpg 1400w\" sizes=\"(max-width: 1024px) 100vw, 1024px\" \/><\/a><\/figure>\n\n\n\n<p>Informations au 05 45 67 84 38, ou par courriel \u00e0 <a href=\"mailto:contact@effervescentre.fr\"><u>contact@effervescentre.fr<\/u><\/a> \u00e0 l\u2019attention du P\u00f4le Animation et D\u00e9veloppement du Territoire, sur inscription (\u00e0 venir)<\/p>\n\n\n\n<p><strong>1\u00e8re Journ\u00e9e de la Parentalit\u00e9<\/strong><\/p>\n\n\n\n<p>Effervescentre vous donne rendez-vous le <strong>samedi 1er juin 2024 <\/strong>\u00e0 Roullet-Saint-Est\u00e8phe, pour la 1\u00e8re \u00e9dition de la <strong>journ\u00e9e de la parentalit\u00e9, de 10h \u00e0 17h<\/strong>.<\/p>\n\n\n\n<p>Au programme :<\/p>\n\n\n\n<ul><li>10-12h Atelier de sensibilisation aux accidents domestiques (sur inscription)<\/li><li>10h-11h et 11h-12h Rencontre \u201c\u00c9duquer nos filles et nos gar\u00e7ons\u201d (sur inscription)<\/li><li>11h-12h Sport en famille, Yoga parents\/enfants (sur inscription)<\/li><li>11h-12h Rencontre \u201cComment Donner confiance en soi \u00e0 son enfant\u201d<\/li><li>14h-15h Sport en famille, self-d\u00e9fense parents\/ados (sur inscription).<\/li><li>15h-16h Atelier spectacle participatif \u201cComme une fleur\u201d (sur inscription)<\/li><li>Exposition \u201cVoyage sur les 5 continents de la parentalit\u00e9<\/li><li>Gaming family (jeux vid\u00e9o en famille)<\/li><li>Jeu de r\u00f4le \u201cVis ma vie de parents\u201d<\/li><li>Jeux en bois<\/li><li>Ateliers cr\u00e9atifs<\/li><li>Coin lecture, d\u00e9tente<\/li><li>Buvette et restauration sur place<\/li><li>Go\u00fbter offert<\/li><\/ul>\n\n\n\n<p>Vous pourrez \u00e9changer avec les partenaires, UDAF, CIDFF, CAF (Maison des parents), Relais petite enfance et Lieu d&rsquo;Accueil Parents Enfants.<\/p>\n\n\n\n<p>Pour plus d\u2019informations et pour les inscriptions contactez-nous au 05 45 67 84 38.<\/p>\n\n\n\n<p>Programmation et horaires \u00e0 venir sur notre site internet et notre page Facebook Effervescentre.<\/p>\n\n\n\n<figure class=\"wp-block-image size-large\"><a href=\"https:\/\/www.mouthiers-sur-boeme.fr\/wp-content\/uploads\/2024\/05\/Journee-de-la-parentalite-1er-juin.png\"><img loading=\"lazy\" width=\"562\" height=\"397\" src=\"https:\/\/www.mouthiers-sur-boeme.fr\/wp-content\/uploads\/2024\/05\/Journee-de-la-parentalite-1er-juin.png\" alt=\"\" class=\"wp-image-11360\" srcset=\"https:\/\/www.mouthiers-sur-boeme.fr\/wp-content\/uploads\/2024\/05\/Journee-de-la-parentalite-1er-juin.png 562w, https:\/\/www.mouthiers-sur-boeme.fr\/wp-content\/uploads\/2024\/05\/Journee-de-la-parentalite-1er-juin-300x212.png 300w\" sizes=\"(max-width: 562px) 100vw, 562px\" \/><\/a><\/figure>\n\n\n\n<p class=\"has-green-color has-text-color has-medium-font-size\"><strong>M\u00e9li M\u00e9lo<\/strong><\/p>\n\n\n\n<p>Venez vous amuser en famille et rencontrer toute l\u2019\u00e9quipe d\u2019Effervescentre, le samedi 15 juin 2024, de 10h \u00e0 18h \u00e0 la base nautique de Sireuil, animations gratuites toute la journ\u00e9e pour petits et grands. Parcours du combattant, at\u00e9bas, maquillage, sarbacane, tombola, sport en famille, ateliers cr\u00e9atifs, jeux de soci\u00e9t\u00e9, jeux en bois, structure gonflable et quelques surprises&#8230; Buvette et restauration sur place.<\/p>\n\n\n\n<p class=\"has-green-color has-text-color has-medium-font-size\"><strong>Soleils de l\u2019\u00e9t\u00e9<\/strong><\/p>\n\n\n\n<p><strong>Programmation du 2 au 26 juillet 2024<\/strong><\/p>\n\n\n\n<ul><li>Mardi 2 juillet \u00e0 l\u2019espace 2011 de Claix, concert \u00e0 20h. Barbara et Moustaki, chant et guitare<\/li><li>Samedi 6 juillet \u00e0 Sireuil, 18h March\u00e9 de producteurs et 19h30 concert \u201cTrio Anahata\u201d, chants traditionnels du monde.<\/li><li>Vendredi 12 juillet \u00e0 Roullet-St-Est\u00e8phe, 19h30 randonn\u00e9e semi-nocturne (inscription https:\/\/eteactif16.lacharente.fr) suivi d\u2019un cin\u00e9 plein air, court m\u00e9trage \u201cGauche touch\u00e9\u201d et film \u201cMyst\u00e8re\u201d<\/li><li>Vendredi 19 juillet \u00e0 Sireuil, 18h randonn\u00e9e, 20h spectacle dans le cadre des soirs bleus \u201cclasse verte\u201d de la Cie Robert et moi, 21h repas 12\u20ac (amenez vos couverts).<\/li><li>Mercredi 24 juillet \u00e0 Plassac-Rouffiac\/Voulg\u00e9zac, 18h15 randonn\u00e9e d\u00e9gustation (5\u20ac), 20h30 spectacle \u201cMille et une feuille\u201d de Cie Th\u00e9\u00efa.<\/li><li>Mardi 30 juillet \u00e0 Trois-Palis, 20h d\u00e9ambulation spectacle familial \u201cjardins anim\u00e9s\u201d de la Cie Th\u00e9\u00efa\u201d.<\/li><\/ul>\n\n\n\n<div class=\"wp-block-file\"><a href=\"https:\/\/www.mouthiers-sur-boeme.fr\/wp-content\/uploads\/2024\/06\/Soleils_Ete_2024_v5.pdf\">Soleils_\u00c9t\u00e9_2024<\/a><a href=\"https:\/\/www.mouthiers-sur-boeme.fr\/wp-content\/uploads\/2024\/06\/Soleils_Ete_2024_v5.pdf\" class=\"wp-block-file__button\" download>T\u00e9l\u00e9charger<\/a><\/div>\n\n\n\n<p>Les inscriptions pour les randonn\u00e9es sont obligatoires, pour tous renseignements contactez nous au 05 45 67 84 38.<\/p>\n\n\n\n<p class=\"has-green-color has-text-color has-medium-font-size\"><strong>Et\u00e9 actif et solidaire<\/strong><\/p>\n\n\n\n<p><strong>Du 8 juillet au 2 ao\u00fbt 2024<\/strong><\/p>\n\n\n\n<p>De nombreuses activit\u00e9s et nouveaut\u00e9s seront propos\u00e9es sur l\u2019ensemble du territoire, pour tous les publics (enfants, ados, adultes, s\u00e9niors)\u2026 Ouverture des inscriptions le 25 juin 2024 sur le site internet du D\u00e9partement eteactif16.lacharente.fr, pensez \u00e0 cr\u00e9er votre compte en amont pour \u00eatre pr\u00eat \u00e0 r\u00e9server vos places ! Pour avoir les informations en avant premi\u00e8re ! Suivez la page Facebook de l\u2019\u00e9t\u00e9 actif et solidaire Effervescentre !<\/p>\n\n\n\n<p>Programme complet disponible dans le MAG de l\u2019\u00e9t\u00e9 d\u2019Effervescentre.<\/p>\n\n\n\n<div class=\"wp-block-file\"><a href=\"https:\/\/www.mouthiers-sur-boeme.fr\/wp-content\/uploads\/2024\/06\/2A5surA4_Prog-9JUILLET24_Atelier_Carte-Postale-v3-WEB.pdf\">9JUILLET 24_Atelier_Carte-Postale<\/a><a href=\"https:\/\/www.mouthiers-sur-boeme.fr\/wp-content\/uploads\/2024\/06\/2A5surA4_Prog-9JUILLET24_Atelier_Carte-Postale-v3-WEB.pdf\" class=\"wp-block-file__button\" download>T\u00e9l\u00e9charger<\/a><\/div>\n\n\n\n<div class=\"wp-block-file\"><a href=\"https:\/\/www.mouthiers-sur-boeme.fr\/wp-content\/uploads\/2024\/06\/Programme-EteActif2024_v2_DP.pdf\">Programme-EteActif2024_<\/a><a href=\"https:\/\/www.mouthiers-sur-boeme.fr\/wp-content\/uploads\/2024\/06\/Programme-EteActif2024_v2_DP.pdf\" class=\"wp-block-file__button\" download>T\u00e9l\u00e9charger<\/a><\/div>\n\n\n\n<p class=\"has-green-color has-text-color has-medium-font-size\"><strong>Les camps d\u2019\u00e9t\u00e9<\/strong><\/p>\n\n\n\n<ul><li>Du 22 au 26 juillet, CAMP ADOS pour les 13-17 ans \u00e0 Lalinde (24)<\/li><li>Du 10 au 12 juillet, CAMP PONEY pour les 4 et 5 ans<\/li><li>Du 15 au 19 juillet, CAMP \u00c0 FOND LE SPORT pour les 6 \u00e0 8 ans<\/li><li>Du 22 au 26 juillet, CAMP SPORT ET D\u00c9FIS pour les 9 \u00e0 12 ans<\/li><\/ul>\n\n\n\n<p>Inscription via l\u2019espace famille \u00e0 partir du 10 juin.<\/p>\n\n\n\n<p class=\"has-green-color has-text-color has-medium-font-size\"><strong>Sorties Secteur Jeunes<\/strong><\/p>\n\n\n\n<ul><li>Sortie au futuroscope le samedi 22 juin de 8h \u00e0 20h<\/li><li>Sortie au Start Coffee, \u00e0 Cognac, le vendredi 5 juillet de 17h30 \u00e0 22h30<\/li><\/ul>\n\n\n\n<p>Inscription via l\u2019espace famille \u00e0 partir du 10 juin. Renseignements : <a href=\"mailto:jeunes@effervescentre.fr\"><u>jeunes@effervescentre.fr<\/u><\/a> ou 07 70 14 67 53<\/p>\n\n\n\n<p class=\"has-green-color has-text-color has-medium-font-size\"><strong>Accueils de loisirs de l\u2019\u00e9t\u00e9<\/strong><\/p>\n\n\n\n<ul><li>Du 8 au 26 juillet sur Roullet (accueil des enfants de Roullet, Sireuil et Trois-Palis)<\/li><li>Du 8 au 26 juillet sur Mouthiers (accueil des enfants de Mouthiers, Voeuil et Claix)<\/li><li>Du 29 juillet au 16 ao\u00fbt \u00e0 Trois-Palis<\/li><li>Du 26 ao\u00fbt au 30 ao\u00fbt (sous r\u00e9serve d\u2019un lieu d&rsquo;accueil)<\/li><\/ul>\n\n\n\n<p>Inscription via l\u2019espace famille \u00e0 partir du 10 juin.<\/p>\n\n\n\n<p class=\"has-green-color has-text-color has-medium-font-size\"><strong>Les ateliers et services du p\u00f4le social<\/strong><\/p>\n\n\n\n<p><strong>Ateliers Entr&rsquo;aide<\/strong><\/p>\n\n\n\n<p>Pour sortir de l&rsquo;isolement et de la solitude, ateliers cuisine, ateliers cr\u00e9atifs, sorties collectives, rencontres conviviales, participation aux \u00e9v\u00e8nements du territoire, organisation semaine solidaire.<\/p>\n\n\n\n<p>Tous les mardis de 14h \u00e0 17h, adh\u00e9sion 3\u20ac\/an sur inscription.<\/p>\n\n\n\n<p><strong>Ateliers num\u00e9riques<\/strong><\/p>\n\n\n\n<p>\u00catre autonome sur son ordinateur, d\u00e9couvrir l&rsquo;ordinateur, faire une recherche internet, cr\u00e9er et utiliser une adresse email, mettre en page un texte, tous niveaux, cours collectifs ou individuels.<\/p>\n\n\n\n<p>Le vendredi, matin et\/ou apr\u00e8s-midi, sur inscription.<\/p>\n\n\n\n<p>Animatrice Margaux Ebel<\/p>\n\n\n\n<p>Tarif&nbsp;: 20\u20ac les 4 s\u00e9ances de 2h + adh\u00e9sion 3\u20ac<\/p>\n\n\n\n<p><strong>Espace France Service<\/strong><\/p>\n\n\n\n<p>Aide aux d\u00e9marches administratives li\u00e9es \u00e0 la vie quotidienne, carte grise, CARSAT, CAF, MSA, sur rendez-vous.<\/p>\n\n\n\n<p>Pour toute informations et inscription contact P\u00f4le social&nbsp;: Elsa Auxire 05 45 67 84 38 ou 06 86 28 15 44 <a href=\"mailto:social@effervescentre.fr\"><u>social@effervescentre.fr<\/u><\/a><\/p>\n\n\n\n<p class=\"has-green-color has-text-color has-medium-font-size\"><strong>Coup d\u2019pouce Vie Asso<\/strong><\/p>\n\n\n\n<p>Effervescentre soutient les associations dont le si\u00e8ge social est situ\u00e9 sur les communes de Claix, Mouthiers-sur-Bo\u00ebme, Plassac-Rouffiac, Roullet-St-Est\u00e8phe, Sireuil, Trois-Palis et Voulg\u00e9zac.<\/p>\n\n\n\n<p>Pour 15\u20ac d\u2019adh\u00e9sion par an Effervescentre propose aux associations du territoire :<\/p>\n\n\n\n<ul><li><strong>Cr\u00e9ation de vos outils de communication<\/strong><\/li><li><strong>Pr\u00eat de mat\u00e9riels et v\u00e9hicules<\/strong><\/li><li><strong>Ateliers num\u00e9riques collectifs<\/strong><\/li><li><strong>Aide \u00e0 la construction de vos projets<\/strong><\/li><li><strong>Aide et conseils aux d\u00e9marches administratives<\/strong><\/li><li><strong>Caf\u00e9s associatifs<\/strong><\/li><li><strong>Diffusion de vos \u00e9v\u00e8nements (Page Facebook Coup d\u2019pouce vie asso)<\/strong><\/li><\/ul>\n\n\n\n<p>Effervescentre est labellis\u00e9 GUID\u2019ASSO information.<\/p>\n\n\n\n<ul><li><strong>Accompagnement GUID\u2019ASSO des associations charentaises<\/strong><\/li><\/ul>\n\n\n\n<p>Vous avez besoin d\u2019aide ? N\u2019h\u00e9sitez pas \u00e0 prendre rendez-vous avec Katia Antivilo au 05 45 67 84 38 &#8211; <a href=\"mailto:vieasso@effervescentre.fr\"><u>vieasso@effervescentre.fr<\/u><\/a><\/p>\n\n\n\n<p class=\"has-green-color has-text-color has-medium-font-size\"><strong>Nouveau !<\/strong><\/p>\n\n\n\n<p>Effervescentre a cr\u00e9\u00e9 2 nouvelles pages Facebook, abonnez-vous et partagez les publications sans mod\u00e9ration !<\/p>\n\n\n\n<p>\u201c<strong>Coup d\u2019pouce vie asso CS Effervescentre\u201d<\/strong>, la page permet de mettre en avant les \u00e9v\u00e8nements et actions organis\u00e9es par les associations du territoire, au plus proche de chez vous !<\/p>\n\n\n\n<p>\u201c<strong>Et\u00e9 actif et solidaire Effervescentre\u201d<\/strong>, toutes les infos pour pr\u00e9parer vos vacances d\u2019\u00e9t\u00e9 en famille et participer aux activit\u00e9s sportives et culturelles propos\u00e9es sur le territoire \u00e0 des tarifs solidaires !<\/p>\n","protected":false},"excerpt":{"rendered":"<p>Expositions artistiques au Centre Social Effervescentre \u201cLes 5 continents de la parentalit\u00e9\u201d, du 27 mai au 1er juin 2024 \u201cHuile et pastel\u201d artiste Marie-Odile Hitier, du 7 au 22 juin 2024, vernissage le mercredi 12 juin \u00e0 18h30. \u00c9v\u00e8nements familles<\/p>\n","protected":false},"author":22,"featured_media":11374,"comment_status":"open","ping_status":"open","sticky":false,"template":"","format":"standard","meta":[],"categories":[91],"tags":[],"_links":{"self":[{"href":"https:\/\/www.mouthiers-sur-boeme.fr\/index.php?rest_route=\/wp\/v2\/posts\/11373"}],"collection":[{"href":"https:\/\/www.mouthiers-sur-boeme.fr\/index.php?rest_route=\/wp\/v2\/posts"}],"about":[{"href":"https:\/\/www.mouthiers-sur-boeme.fr\/index.php?rest_route=\/wp\/v2\/types\/post"}],"author":[{"embeddable":true,"href":"https:\/\/www.mouthiers-sur-boeme.fr\/index.php?rest_route=\/wp\/v2\/users\/22"}],"replies":[{"embeddable":true,"href":"https:\/\/www.mouthiers-sur-boeme.fr\/index.php?rest_route=%2Fwp%2Fv2%2Fcomments&post=11373"}],"version-history":[{"count":6,"href":"https:\/\/www.mouthiers-sur-boeme.fr\/index.php?rest_route=\/wp\/v2\/posts\/11373\/revisions"}],"predecessor-version":[{"id":11469,"href":"https:\/\/www.mouthiers-sur-boeme.fr\/index.php?rest_route=\/wp\/v2\/posts\/11373\/revisions\/11469"}],"wp:featuredmedia":[{"embeddable":true,"href":"https:\/\/www.mouthiers-sur-boeme.fr\/index.php?rest_route=\/wp\/v2\/media\/11374"}],"wp:attachment":[{"href":"https:\/\/www.mouthiers-sur-boeme.fr\/index.php?rest_route=%2Fwp%2Fv2%2Fmedia&parent=11373"}],"wp:term":[{"taxonomy":"category","embeddable":true,"href":"https:\/\/www.mouthiers-sur-boeme.fr\/index.php?rest_route=%2Fwp%2Fv2%2Fcategories&post=11373"},{"taxonomy":"post_tag","embeddable":true,"href":"https:\/\/www.mouthiers-sur-boeme.fr\/index.php?rest_route=%2Fwp%2Fv2%2Ftags&post=11373"}],"curies":[{"name":"wp","href":"https:\/\/api.w.org\/{rel}","templated":true}]}}