{"id":11385,"date":"2024-06-05T08:25:34","date_gmt":"2024-06-05T07:25:34","guid":{"rendered":"https:\/\/www.mouthiers-sur-boeme.fr\/?p=11385"},"modified":"2024-08-22T10:33:12","modified_gmt":"2024-08-22T09:33:12","slug":"organisation-du-festival-de-la-biodiversite","status":"publish","type":"post","link":"https:\/\/www.mouthiers-sur-boeme.fr\/?p=11385","title":{"rendered":"ORGANISATION DU FESTIVAL DE LA BIODIVERSIT\u00c9"},"content":{"rendered":"\n<p>Une nouvelle r\u00e9union de pr\u00e9paration du festival se tiendra le mercredi 26 juin \u00e0 18h00 \u00e0 la mairie.<\/p>\n\n\n\n<p>Si vous d\u00e9sirez vous joindre au groupe vous pouvez encore le faire. Nous vous attendons avec plaisir.<\/p>\n\n\n\n<p><\/p>\n","protected":false},"excerpt":{"rendered":"<p>Une nouvelle r\u00e9union de pr\u00e9paration du festival se tiendra le mercredi 26 juin \u00e0 18h00 \u00e0 la mairie. Si vous d\u00e9sirez vous joindre au groupe vous pouvez encore le faire. Nous vous attendons avec plaisir.<\/p>\n","protected":false},"author":22,"featured_media":5261,"comment_status":"open","ping_status":"open","sticky":false,"template":"","format":"standard","meta":[],"categories":[96,76],"tags":[],"_links":{"self":[{"href":"https:\/\/www.mouthiers-sur-boeme.fr\/index.php?rest_route=\/wp\/v2\/posts\/11385"}],"collection":[{"href":"https:\/\/www.mouthiers-sur-boeme.fr\/index.php?rest_route=\/wp\/v2\/posts"}],"about":[{"href":"https:\/\/www.mouthiers-sur-boeme.fr\/index.php?rest_route=\/wp\/v2\/types\/post"}],"author":[{"embeddable":true,"href":"https:\/\/www.mouthiers-sur-boeme.fr\/index.php?rest_route=\/wp\/v2\/users\/22"}],"replies":[{"embeddable":true,"href":"https:\/\/www.mouthiers-sur-boeme.fr\/index.php?rest_route=%2Fwp%2Fv2%2Fcomments&post=11385"}],"version-history":[{"count":1,"href":"https:\/\/www.mouthiers-sur-boeme.fr\/index.php?rest_route=\/wp\/v2\/posts\/11385\/revisions"}],"predecessor-version":[{"id":11386,"href":"https:\/\/www.mouthiers-sur-boeme.fr\/index.php?rest_route=\/wp\/v2\/posts\/11385\/revisions\/11386"}],"wp:featuredmedia":[{"embeddable":true,"href":"https:\/\/www.mouthiers-sur-boeme.fr\/index.php?rest_route=\/wp\/v2\/media\/5261"}],"wp:attachment":[{"href":"https:\/\/www.mouthiers-sur-boeme.fr\/index.php?rest_route=%2Fwp%2Fv2%2Fmedia&parent=11385"}],"wp:term":[{"taxonomy":"category","embeddable":true,"href":"https:\/\/www.mouthiers-sur-boeme.fr\/index.php?rest_route=%2Fwp%2Fv2%2Fcategories&post=11385"},{"taxonomy":"post_tag","embeddable":true,"href":"https:\/\/www.mouthiers-sur-boeme.fr\/index.php?rest_route=%2Fwp%2Fv2%2Ftags&post=11385"}],"curies":[{"name":"wp","href":"https:\/\/api.w.org\/{rel}","templated":true}]}}