{"id":11393,"date":"2024-06-05T18:57:54","date_gmt":"2024-06-05T17:57:54","guid":{"rendered":"https:\/\/www.mouthiers-sur-boeme.fr\/?p=11393"},"modified":"2024-08-28T10:26:39","modified_gmt":"2024-08-28T09:26:39","slug":"soirs-bleus-6-juillet-a-partir-de-15h30-mouthiers","status":"publish","type":"post","link":"https:\/\/www.mouthiers-sur-boeme.fr\/?p=11393","title":{"rendered":"SOIRS BLEUS 6 JUILLET \u00e0 MOUTHIERS"},"content":{"rendered":"\n<p class=\"has-text-color\" style=\"color:#d92a13\"><strong>18H00 Randonn\u00e9e dans le cadre des Soleils de l&rsquo;\u00e9t\u00e9. ANNUL\u00c9E<\/strong><\/p>\n\n\n\n<p>RENDEZ-VOUS AVEC LA NOUVELLE SAISON DES SOIRS BLEUS<\/p>\n\n\n\n<p>15H30 Exposition dans l&rsquo;\u00e9glise du service Pays d&rsquo;art et d&rsquo;histoire<\/p>\n\n\n\n<p>15H30 &#8211; 17H 30 Atelier \u00ab\u00a0Art et Nature\u00a0\u00bb \u00e0 la d\u00e9couverte du h\u00e9risson avec Anne-Paule Mousnier sur inscription 06 84 98 63 07<\/p>\n\n\n\n<p>Buvette et restauration sur place<\/p>\n\n\n\n<p>Julianne Joe ( chanteuse, autrice-compositrice et instrumentiste)<\/p>\n\n\n\n<p class=\"has-text-align-center\" style=\"font-size:22px\"><strong>18H00 \u00e9glise<\/strong><\/p>\n\n\n\n<p>Tzigal ( l\u2019esprit du Swing Manouche) <\/p>\n\n\n\n<p class=\"has-text-align-center\" style=\"font-size:22px\"><strong>20H30 chevet de l&rsquo;\u00e9glise<\/strong><\/p>\n\n\n\n<p><a rel=\"noreferrer noopener\" href=\"https:\/\/www.angouleme-tourisme.com\/fete-manifestation\/soirs-bleus-julianne-joe-tzigal\/\" data-type=\"URL\" data-id=\"https:\/\/www.angouleme-tourisme.com\/fete-manifestation\/soirs-bleus-julianne-joe-tzigal\/\" target=\"_blank\">Julianne Joe et Tzigal<\/a><\/p>\n\n\n\n<p>programme <a href=\"https:\/\/www.angouleme-tourisme.com\/2024\/05\/24\/festival-les-soirs-bleus\/\" data-type=\"URL\" data-id=\"https:\/\/www.angouleme-tourisme.com\/2024\/05\/24\/festival-les-soirs-bleus\/\" target=\"_blank\" rel=\"noreferrer noopener\">SOIRS BLEUS<\/a><\/p>\n\n\n\n<p class=\"has-text-color\" style=\"color:#db1d3d\"><strong>18H00   Randonn\u00e9e dans le cadre des Soleils de l&rsquo;\u00e9t\u00e9. ANNUL\u00c9E<\/strong><\/p>\n\n\n\n<p><\/p>\n","protected":false},"excerpt":{"rendered":"<p>18H00 Randonn\u00e9e dans le cadre des Soleils de l&rsquo;\u00e9t\u00e9. ANNUL\u00c9E RENDEZ-VOUS AVEC LA NOUVELLE SAISON DES SOIRS BLEUS 15H30 Exposition dans l&rsquo;\u00e9glise du service Pays d&rsquo;art et d&rsquo;histoire 15H30 &#8211; 17H 30 Atelier \u00ab\u00a0Art et Nature\u00a0\u00bb \u00e0 la d\u00e9couverte du h\u00e9risson avec Anne-Paule Mousnier sur inscription 06 84 98 63 07 Buvette et restauration sur &hellip; <a href=\"https:\/\/www.mouthiers-sur-boeme.fr\/?p=11393\" class=\"more-link\">Continuer la lecture de <span class=\"screen-reader-text\">SOIRS BLEUS 6 JUILLET \u00e0 MOUTHIERS<\/span>  <span class=\"meta-nav\">&rarr;<\/span><\/a><\/p>\n","protected":false},"author":22,"featured_media":11420,"comment_status":"open","ping_status":"open","sticky":false,"template":"","format":"standard","meta":[],"categories":[85,10,74],"tags":[],"_links":{"self":[{"href":"https:\/\/www.mouthiers-sur-boeme.fr\/index.php?rest_route=\/wp\/v2\/posts\/11393"}],"collection":[{"href":"https:\/\/www.mouthiers-sur-boeme.fr\/index.php?rest_route=\/wp\/v2\/posts"}],"about":[{"href":"https:\/\/www.mouthiers-sur-boeme.fr\/index.php?rest_route=\/wp\/v2\/types\/post"}],"author":[{"embeddable":true,"href":"https:\/\/www.mouthiers-sur-boeme.fr\/index.php?rest_route=\/wp\/v2\/users\/22"}],"replies":[{"embeddable":true,"href":"https:\/\/www.mouthiers-sur-boeme.fr\/index.php?rest_route=%2Fwp%2Fv2%2Fcomments&post=11393"}],"version-history":[{"count":6,"href":"https:\/\/www.mouthiers-sur-boeme.fr\/index.php?rest_route=\/wp\/v2\/posts\/11393\/revisions"}],"predecessor-version":[{"id":11426,"href":"https:\/\/www.mouthiers-sur-boeme.fr\/index.php?rest_route=\/wp\/v2\/posts\/11393\/revisions\/11426"}],"wp:featuredmedia":[{"embeddable":true,"href":"https:\/\/www.mouthiers-sur-boeme.fr\/index.php?rest_route=\/wp\/v2\/media\/11420"}],"wp:attachment":[{"href":"https:\/\/www.mouthiers-sur-boeme.fr\/index.php?rest_route=%2Fwp%2Fv2%2Fmedia&parent=11393"}],"wp:term":[{"taxonomy":"category","embeddable":true,"href":"https:\/\/www.mouthiers-sur-boeme.fr\/index.php?rest_route=%2Fwp%2Fv2%2Fcategories&post=11393"},{"taxonomy":"post_tag","embeddable":true,"href":"https:\/\/www.mouthiers-sur-boeme.fr\/index.php?rest_route=%2Fwp%2Fv2%2Ftags&post=11393"}],"curies":[{"name":"wp","href":"https:\/\/api.w.org\/{rel}","templated":true}]}}