{"id":11396,"date":"2024-06-07T08:16:41","date_gmt":"2024-06-07T07:16:41","guid":{"rendered":"https:\/\/www.mouthiers-sur-boeme.fr\/?p=11396"},"modified":"2024-07-05T13:15:28","modified_gmt":"2024-07-05T12:15:28","slug":"reunion-publique-carteclima","status":"publish","type":"post","link":"https:\/\/www.mouthiers-sur-boeme.fr\/?p=11396","title":{"rendered":"R\u00c9UNION PUBLIQUE CART\u00c9CLIMA !"},"content":{"rendered":"\n<p class=\"has-text-align-center has-text-color\" style=\"color:#1fc395;font-size:30px\"><strong>Xavier Bonnefont<\/strong>, Pr\u00e9sident de GrandAngoul\u00eame<\/p>\n\n\n\n<p class=\"has-text-align-center has-text-color\" style=\"color:#1fc395;font-size:30px\">vous invite \u00e0 la <strong>R\u00e9union Publique <\/strong>de la <strong>d\u00e9marche <em>Cart\u00e9clima&nbsp;!<\/em><\/strong><\/p>\n\n\n\n<p class=\"has-text-align-center has-text-color\" style=\"color:#1fc395;font-size:30px\">du <strong>3 juillet 2024, \u00e0 18h, \u00e0 l\u2019espace Matisse de Soyaux<\/strong><strong><\/strong><\/p>\n\n\n\n<p>Vous avez \u00e9t\u00e9 nombreux \u00e0 participer aux ateliers et r\u00e9unions publiques mis en \u0153uvre depuis 2022 pour l\u2019\u00e9laboration de ce document structurant du territoire.<\/p>\n\n\n\n<p>Cette r\u00e9union publique a pour objectif de vous pr\u00e9senter les <\/p>\n\n\n\n<!--more-->\n\n\n\n<p>engagements inscrits dans les documents, et d\u2019ouvrir le d\u00e9bat avec les \u00e9lus portant la d\u00e9marche.<\/p>\n\n\n\n<p>Les travaux des deux derni\u00e8res ann\u00e9es ont permis d\u2019\u00e9crire les r\u00e8gles de vie et les actions pour r\u00e9pondre aux grands enjeux du territoire&nbsp;: adaptation aux changements climatiques, eau, mobilit\u00e9s, habitat, \u00e9nergie, d\u00e9veloppement \u00e9conomique, commerce, \u2026<\/p>\n\n\n\n<p>Nous serons heureux de vous retrouver nombreux&nbsp;\u00e0 cette r\u00e9union qui cl\u00f4t une \u00e9tape importante de la d\u00e9marche <em>Cart\u00e9clima !<\/em><\/p>\n\n\n\n<p>&#8212;<\/p>\n\n\n\n<p>\u00b7&nbsp;&nbsp;&nbsp;&nbsp;&nbsp;&nbsp; <em><u>Pour m\u00e9moire<\/u><\/em><em>, Cart\u00e9clima&nbsp;!&nbsp;est le nom donn\u00e9 \u00e0 la d\u00e9marche globale de r\u00e9vision du Sch\u00e9ma de Coh\u00e9rence Territoriale (SCoT) valant Plan Climat-Air-\u00c9nergie Territorial (PCAET) et d\u2019\u00e9laboration du Plan Local d\u2019Urbanisme intercommunal (PLUi) valant Plan de Mobilit\u00e9 (PDM).<\/em><\/p>\n\n\n\n<p>\u00b7&nbsp;&nbsp;&nbsp;&nbsp;&nbsp;&nbsp; <em><u>Point calendrier<\/u><\/em><em>&nbsp;: Suite \u00e0 cette r\u00e9union publique, le Sch\u00e9ma de Coh\u00e9rence Territorial valant Plan Climat Air Energie Territorial sera pr\u00e9sent\u00e9 et arr\u00eat\u00e9 en Conseil Communautaire en septembre. Le Projet d\u2019Am\u00e9nagement et D\u00e9veloppement Durables du PLUi valant Plan de Mobilit\u00e9 sera d\u00e9battu lors de ce m\u00eame Conseil Communautaire.<\/em><\/p>\n\n\n\n<p>\u00b7&nbsp;&nbsp;&nbsp;&nbsp;&nbsp;&nbsp; <em>La r\u00e9union du 3 juillet fait suite au report de celle initialement pr\u00e9vue le 9 avril<\/em><\/p>\n","protected":false},"excerpt":{"rendered":"<p>Xavier Bonnefont, Pr\u00e9sident de GrandAngoul\u00eame vous invite \u00e0 la R\u00e9union Publique de la d\u00e9marche Cart\u00e9clima&nbsp;! du 3 juillet 2024, \u00e0 18h, \u00e0 l\u2019espace Matisse de Soyaux Vous avez \u00e9t\u00e9 nombreux \u00e0 participer aux ateliers et r\u00e9unions publiques mis en \u0153uvre depuis 2022 pour l\u2019\u00e9laboration de ce document structurant du territoire. Cette r\u00e9union publique a pour &hellip; <a href=\"https:\/\/www.mouthiers-sur-boeme.fr\/?p=11396\" class=\"more-link\">Continuer la lecture de <span class=\"screen-reader-text\">R\u00c9UNION PUBLIQUE CART\u00c9CLIMA !<\/span>  <span class=\"meta-nav\">&rarr;<\/span><\/a><\/p>\n","protected":false},"author":22,"featured_media":11401,"comment_status":"open","ping_status":"open","sticky":false,"template":"","format":"standard","meta":[],"categories":[85],"tags":[],"_links":{"self":[{"href":"https:\/\/www.mouthiers-sur-boeme.fr\/index.php?rest_route=\/wp\/v2\/posts\/11396"}],"collection":[{"href":"https:\/\/www.mouthiers-sur-boeme.fr\/index.php?rest_route=\/wp\/v2\/posts"}],"about":[{"href":"https:\/\/www.mouthiers-sur-boeme.fr\/index.php?rest_route=\/wp\/v2\/types\/post"}],"author":[{"embeddable":true,"href":"https:\/\/www.mouthiers-sur-boeme.fr\/index.php?rest_route=\/wp\/v2\/users\/22"}],"replies":[{"embeddable":true,"href":"https:\/\/www.mouthiers-sur-boeme.fr\/index.php?rest_route=%2Fwp%2Fv2%2Fcomments&post=11396"}],"version-history":[{"count":2,"href":"https:\/\/www.mouthiers-sur-boeme.fr\/index.php?rest_route=\/wp\/v2\/posts\/11396\/revisions"}],"predecessor-version":[{"id":11400,"href":"https:\/\/www.mouthiers-sur-boeme.fr\/index.php?rest_route=\/wp\/v2\/posts\/11396\/revisions\/11400"}],"wp:featuredmedia":[{"embeddable":true,"href":"https:\/\/www.mouthiers-sur-boeme.fr\/index.php?rest_route=\/wp\/v2\/media\/11401"}],"wp:attachment":[{"href":"https:\/\/www.mouthiers-sur-boeme.fr\/index.php?rest_route=%2Fwp%2Fv2%2Fmedia&parent=11396"}],"wp:term":[{"taxonomy":"category","embeddable":true,"href":"https:\/\/www.mouthiers-sur-boeme.fr\/index.php?rest_route=%2Fwp%2Fv2%2Fcategories&post=11396"},{"taxonomy":"post_tag","embeddable":true,"href":"https:\/\/www.mouthiers-sur-boeme.fr\/index.php?rest_route=%2Fwp%2Fv2%2Ftags&post=11396"}],"curies":[{"name":"wp","href":"https:\/\/api.w.org\/{rel}","templated":true}]}}