{"id":11402,"date":"2024-06-07T08:52:48","date_gmt":"2024-06-07T07:52:48","guid":{"rendered":"https:\/\/www.mouthiers-sur-boeme.fr\/?p=11402"},"modified":"2024-06-07T08:52:48","modified_gmt":"2024-06-07T07:52:48","slug":"formations-emploi","status":"publish","type":"post","link":"https:\/\/www.mouthiers-sur-boeme.fr\/?p=11402","title":{"rendered":"formations, emploi&#8230;"},"content":{"rendered":"\n<p class=\"has-text-color has-medium-font-size\" style=\"color:#ef7204\"><strong>\u00c7A BOUGE\u00a0! LES ACTIONS ET \u00c9V\u00c8NEMENTS A VENIR<\/strong><\/p>\n\n\n\n<p>\u00b7&nbsp;&nbsp;&nbsp;&nbsp;&nbsp;&nbsp;&nbsp;&nbsp; <strong>France Travail<\/strong> organise un <strong>Forum de la Formation <\/strong>le <strong>mardi 11 juin de 11h \u00e0 16h<\/strong> \u00e0 la Salle des f\u00eates de la Couronne (cf. affiche ci-jointe).<\/p>\n\n\n\n<p>\u00b7&nbsp;&nbsp;&nbsp;&nbsp;&nbsp;&nbsp;&nbsp;&nbsp; <strong>Samedi 15 juin<\/strong>, le <strong>CFA BTP de Charente<\/strong> propose un <strong>parcours d\u2019orientation<\/strong> permettant aux jeunes en recherche d\u2019apprentissage de d\u00e9couvrir les diff\u00e9rents m\u00e9tiers du b\u00e2timent. Pour s\u2019inscrire ou en savoir plus&nbsp;: <a href=\"mailto:isabelle.lasnier@btpcfa-poitou-charentes.fr\" target=\"_blank\" rel=\"noreferrer noopener\">isabelle.lasnier@btpcfa-poitou-charentes.fr<\/a>&nbsp;; <a href=\"callto:07.68.98.00.37\">07.68.98.00.37<\/a>.<\/p>\n\n\n\n<p>\u00b7&nbsp;&nbsp;&nbsp;&nbsp;&nbsp;&nbsp;&nbsp;&nbsp; L\u2019action <strong>\u00ab&nbsp;Stade vers l\u2019emploi&nbsp;\u00bb <\/strong>mise en place par <strong>France Travail<\/strong> se d\u00e9roulera cette ann\u00e9e avec la F\u00e9d\u00e9ration Fran\u00e7aise de Tennis de Table. Le <strong>20 juin 2024<\/strong>, entreprises et candidats se retrouveront autour d\u2019une journ\u00e9e centr\u00e9e sur la pratique sportive. Pour en savoir plus&nbsp;et s\u2019inscrire : <a href=\"https:\/\/mesevenementsemploi.francetravail.fr\/mes-evenements-emploi\/evenement\/278493\" target=\"_blank\" rel=\"noreferrer noopener\">https:\/\/mesevenementsemploi.francetravail.fr\/mes-evenements-emploi\/evenement\/278493<\/a><\/p>\n\n\n\n<p class=\"has-text-color has-medium-font-size\" style=\"color:#eb7d07\"><strong>CA RECRUTE\u00a0! LES OFFRES D\u2019EMPLOI ET DE FORMATION<\/strong><\/p>\n\n\n\n<p>Les offres de formation&nbsp;:<\/p>\n\n\n\n<p>\u00b7&nbsp;&nbsp;&nbsp;&nbsp;&nbsp;&nbsp;&nbsp;&nbsp; Le <strong>CFPPA de la Charente<\/strong> organise une <strong>r\u00e9union d\u2019information collective<\/strong> le <strong>18 juin 2024 \u00e0 9h<\/strong> afin de pr\u00e9senter les <strong>formations en CAP dans le domaine agricole<\/strong> (cf. affiche ci-jointe).<\/p>\n","protected":false},"excerpt":{"rendered":"<p>\u00c7A BOUGE\u00a0! LES ACTIONS ET \u00c9V\u00c8NEMENTS A VENIR \u00b7&nbsp;&nbsp;&nbsp;&nbsp;&nbsp;&nbsp;&nbsp;&nbsp; France Travail organise un Forum de la Formation le mardi 11 juin de 11h \u00e0 16h \u00e0 la Salle des f\u00eates de la Couronne (cf. affiche ci-jointe). \u00b7&nbsp;&nbsp;&nbsp;&nbsp;&nbsp;&nbsp;&nbsp;&nbsp; Samedi 15 juin, le CFA BTP de Charente propose un parcours d\u2019orientation permettant aux jeunes en recherche d\u2019apprentissage &hellip; <a href=\"https:\/\/www.mouthiers-sur-boeme.fr\/?p=11402\" class=\"more-link\">Continuer la lecture de <span class=\"screen-reader-text\">formations, emploi&#8230;<\/span>  <span class=\"meta-nav\">&rarr;<\/span><\/a><\/p>\n","protected":false},"author":22,"featured_media":11403,"comment_status":"open","ping_status":"open","sticky":false,"template":"","format":"standard","meta":[],"categories":[85],"tags":[],"_links":{"self":[{"href":"https:\/\/www.mouthiers-sur-boeme.fr\/index.php?rest_route=\/wp\/v2\/posts\/11402"}],"collection":[{"href":"https:\/\/www.mouthiers-sur-boeme.fr\/index.php?rest_route=\/wp\/v2\/posts"}],"about":[{"href":"https:\/\/www.mouthiers-sur-boeme.fr\/index.php?rest_route=\/wp\/v2\/types\/post"}],"author":[{"embeddable":true,"href":"https:\/\/www.mouthiers-sur-boeme.fr\/index.php?rest_route=\/wp\/v2\/users\/22"}],"replies":[{"embeddable":true,"href":"https:\/\/www.mouthiers-sur-boeme.fr\/index.php?rest_route=%2Fwp%2Fv2%2Fcomments&post=11402"}],"version-history":[{"count":1,"href":"https:\/\/www.mouthiers-sur-boeme.fr\/index.php?rest_route=\/wp\/v2\/posts\/11402\/revisions"}],"predecessor-version":[{"id":11404,"href":"https:\/\/www.mouthiers-sur-boeme.fr\/index.php?rest_route=\/wp\/v2\/posts\/11402\/revisions\/11404"}],"wp:featuredmedia":[{"embeddable":true,"href":"https:\/\/www.mouthiers-sur-boeme.fr\/index.php?rest_route=\/wp\/v2\/media\/11403"}],"wp:attachment":[{"href":"https:\/\/www.mouthiers-sur-boeme.fr\/index.php?rest_route=%2Fwp%2Fv2%2Fmedia&parent=11402"}],"wp:term":[{"taxonomy":"category","embeddable":true,"href":"https:\/\/www.mouthiers-sur-boeme.fr\/index.php?rest_route=%2Fwp%2Fv2%2Fcategories&post=11402"},{"taxonomy":"post_tag","embeddable":true,"href":"https:\/\/www.mouthiers-sur-boeme.fr\/index.php?rest_route=%2Fwp%2Fv2%2Ftags&post=11402"}],"curies":[{"name":"wp","href":"https:\/\/api.w.org\/{rel}","templated":true}]}}