{"id":11470,"date":"2024-06-29T09:09:06","date_gmt":"2024-06-29T08:09:06","guid":{"rendered":"https:\/\/www.mouthiers-sur-boeme.fr\/?p=11470"},"modified":"2024-07-05T13:29:36","modified_gmt":"2024-07-05T12:29:36","slug":"les-vacances-a-la-mediatheque","status":"publish","type":"post","link":"https:\/\/www.mouthiers-sur-boeme.fr\/?p=11470","title":{"rendered":"LES VACANCES \u00c0 LA M\u00c9DIATH\u00c8QUE"},"content":{"rendered":"\n<p><br>\u00ab\u00a0Pour vous permettre de faire le plein de livres avant les vacances scolaires, la m\u00e9diath\u00e8que sera ouverte, en plus des nouveaux horaires d&rsquo;\u00e9t\u00e9, le vendredi 05 Juillet prochain de <strong><u>16h \u00e0 18h<\/u><\/strong>.<br><br>Horaires d&rsquo;\u00e9t\u00e9  :<br><br>Lundi : Ferm\u00e9<br>Mardi : 9h-12h30<br>Mercredi : 9h-12h30<br>Jeudi : 9h-12h30<br>Vendredi : 9h-12h30 \/ <strong>16h-18h<\/strong><br>Samedi : Ferm\u00e9.\u00a0\u00bb<\/p>\n\n\n\n<p>Bonne lecture et bonnes vacances.<\/p>\n","protected":false},"excerpt":{"rendered":"<p>\u00ab\u00a0Pour vous permettre de faire le plein de livres avant les vacances scolaires, la m\u00e9diath\u00e8que sera ouverte, en plus des nouveaux horaires d&rsquo;\u00e9t\u00e9, le vendredi 05 Juillet prochain de 16h \u00e0 18h. Horaires d&rsquo;\u00e9t\u00e9 : Lundi : Ferm\u00e9Mardi : 9h-12h30Mercredi : 9h-12h30Jeudi : 9h-12h30Vendredi : 9h-12h30 \/ 16h-18hSamedi : Ferm\u00e9.\u00a0\u00bb Bonne lecture et bonnes vacances.<\/p>\n","protected":false},"author":22,"featured_media":0,"comment_status":"open","ping_status":"open","sticky":false,"template":"","format":"standard","meta":[],"categories":[20],"tags":[],"_links":{"self":[{"href":"https:\/\/www.mouthiers-sur-boeme.fr\/index.php?rest_route=\/wp\/v2\/posts\/11470"}],"collection":[{"href":"https:\/\/www.mouthiers-sur-boeme.fr\/index.php?rest_route=\/wp\/v2\/posts"}],"about":[{"href":"https:\/\/www.mouthiers-sur-boeme.fr\/index.php?rest_route=\/wp\/v2\/types\/post"}],"author":[{"embeddable":true,"href":"https:\/\/www.mouthiers-sur-boeme.fr\/index.php?rest_route=\/wp\/v2\/users\/22"}],"replies":[{"embeddable":true,"href":"https:\/\/www.mouthiers-sur-boeme.fr\/index.php?rest_route=%2Fwp%2Fv2%2Fcomments&post=11470"}],"version-history":[{"count":1,"href":"https:\/\/www.mouthiers-sur-boeme.fr\/index.php?rest_route=\/wp\/v2\/posts\/11470\/revisions"}],"predecessor-version":[{"id":11471,"href":"https:\/\/www.mouthiers-sur-boeme.fr\/index.php?rest_route=\/wp\/v2\/posts\/11470\/revisions\/11471"}],"wp:attachment":[{"href":"https:\/\/www.mouthiers-sur-boeme.fr\/index.php?rest_route=%2Fwp%2Fv2%2Fmedia&parent=11470"}],"wp:term":[{"taxonomy":"category","embeddable":true,"href":"https:\/\/www.mouthiers-sur-boeme.fr\/index.php?rest_route=%2Fwp%2Fv2%2Fcategories&post=11470"},{"taxonomy":"post_tag","embeddable":true,"href":"https:\/\/www.mouthiers-sur-boeme.fr\/index.php?rest_route=%2Fwp%2Fv2%2Ftags&post=11470"}],"curies":[{"name":"wp","href":"https:\/\/api.w.org\/{rel}","templated":true}]}}