{"id":11487,"date":"2024-07-10T19:53:45","date_gmt":"2024-07-10T18:53:45","guid":{"rendered":"https:\/\/www.mouthiers-sur-boeme.fr\/?p=11487"},"modified":"2024-07-10T19:53:45","modified_gmt":"2024-07-10T18:53:45","slug":"marches-des-producteurs-de-pays-mouthiers-sur-boeme-2","status":"publish","type":"post","link":"https:\/\/www.mouthiers-sur-boeme.fr\/?p=11487","title":{"rendered":"MARCH\u00c9S DES PRODUCTEURS DE PAYS &#8211; MOUTHIERS-SUR-BOEME"},"content":{"rendered":"\n<p>Enfin le retour de l&rsquo;\u00e9t\u00e9 : 3 March\u00e9s : jeudi 25 juillet  ; jeudi 8 ao\u00fbt et jeudi 22 ao\u00fbt. RENDEZ-VOUS au chevet de l&rsquo;\u00e9glise.<\/p>\n\n\n\n<figure class=\"wp-block-image size-large\"><a href=\"https:\/\/www.mouthiers-sur-boeme.fr\/wp-content\/uploads\/2024\/07\/IMG_20240710_204655-1-scaled.jpg\"><img loading=\"lazy\" width=\"768\" height=\"1024\" src=\"https:\/\/www.mouthiers-sur-boeme.fr\/wp-content\/uploads\/2024\/07\/IMG_20240710_204655-1-768x1024.jpg\" alt=\"\" class=\"wp-image-11490\" srcset=\"https:\/\/www.mouthiers-sur-boeme.fr\/wp-content\/uploads\/2024\/07\/IMG_20240710_204655-1-768x1024.jpg 768w, https:\/\/www.mouthiers-sur-boeme.fr\/wp-content\/uploads\/2024\/07\/IMG_20240710_204655-1-225x300.jpg 225w, https:\/\/www.mouthiers-sur-boeme.fr\/wp-content\/uploads\/2024\/07\/IMG_20240710_204655-1-1152x1536.jpg 1152w, https:\/\/www.mouthiers-sur-boeme.fr\/wp-content\/uploads\/2024\/07\/IMG_20240710_204655-1-1536x2048.jpg 1536w, https:\/\/www.mouthiers-sur-boeme.fr\/wp-content\/uploads\/2024\/07\/IMG_20240710_204655-1-scaled.jpg 1920w\" sizes=\"(max-width: 768px) 100vw, 768px\" \/><\/a><\/figure>\n","protected":false},"excerpt":{"rendered":"<p>Enfin le retour de l&rsquo;\u00e9t\u00e9 : 3 March\u00e9s : jeudi 25 juillet ; jeudi 8 ao\u00fbt et jeudi 22 ao\u00fbt. RENDEZ-VOUS au chevet de l&rsquo;\u00e9glise.<\/p>\n","protected":false},"author":22,"featured_media":0,"comment_status":"open","ping_status":"open","sticky":false,"template":"","format":"standard","meta":[],"categories":[1],"tags":[],"_links":{"self":[{"href":"https:\/\/www.mouthiers-sur-boeme.fr\/index.php?rest_route=\/wp\/v2\/posts\/11487"}],"collection":[{"href":"https:\/\/www.mouthiers-sur-boeme.fr\/index.php?rest_route=\/wp\/v2\/posts"}],"about":[{"href":"https:\/\/www.mouthiers-sur-boeme.fr\/index.php?rest_route=\/wp\/v2\/types\/post"}],"author":[{"embeddable":true,"href":"https:\/\/www.mouthiers-sur-boeme.fr\/index.php?rest_route=\/wp\/v2\/users\/22"}],"replies":[{"embeddable":true,"href":"https:\/\/www.mouthiers-sur-boeme.fr\/index.php?rest_route=%2Fwp%2Fv2%2Fcomments&post=11487"}],"version-history":[{"count":1,"href":"https:\/\/www.mouthiers-sur-boeme.fr\/index.php?rest_route=\/wp\/v2\/posts\/11487\/revisions"}],"predecessor-version":[{"id":11491,"href":"https:\/\/www.mouthiers-sur-boeme.fr\/index.php?rest_route=\/wp\/v2\/posts\/11487\/revisions\/11491"}],"wp:attachment":[{"href":"https:\/\/www.mouthiers-sur-boeme.fr\/index.php?rest_route=%2Fwp%2Fv2%2Fmedia&parent=11487"}],"wp:term":[{"taxonomy":"category","embeddable":true,"href":"https:\/\/www.mouthiers-sur-boeme.fr\/index.php?rest_route=%2Fwp%2Fv2%2Fcategories&post=11487"},{"taxonomy":"post_tag","embeddable":true,"href":"https:\/\/www.mouthiers-sur-boeme.fr\/index.php?rest_route=%2Fwp%2Fv2%2Ftags&post=11487"}],"curies":[{"name":"wp","href":"https:\/\/api.w.org\/{rel}","templated":true}]}}