{"id":11580,"date":"2024-11-11T08:56:00","date_gmt":"2024-11-11T07:56:00","guid":{"rendered":"https:\/\/www.mouthiers-sur-boeme.fr\/?p=11580"},"modified":"2024-12-23T09:52:07","modified_gmt":"2024-12-23T08:52:07","slug":"effervescentre-en-septembre","status":"publish","type":"post","link":"https:\/\/www.mouthiers-sur-boeme.fr\/?p=11580","title":{"rendered":"INFORMATIONS ET  programme du mois de D\u00c9CEMBRE"},"content":{"rendered":"\n<p class=\"has-large-font-size\"><strong>Culture<\/strong><\/p>\n\n\n\n<p class=\"has-normal-font-size\"><strong>Si la biblioth\u00e8que m\u2019\u00e9tait cont\u00e9e \u201cLes lutins en vadrouille\u201d<\/strong><\/p>\n\n\n\n<p class=\"has-small-font-size\"><strong> <\/strong>Samedi 7 d\u00e9cembre de 15h30 \u00e0 16h30, biblioth\u00e8que de Roullet, enfants 3 \u00e0 6 ans.<\/p>\n\n\n\n<div class=\"wp-block-image\"><figure class=\"aligncenter size-large is-resized\"><a href=\"https:\/\/www.mouthiers-sur-boeme.fr\/wp-content\/uploads\/2024\/11\/WEB_Sortie_Mercerie_Nov24_v2.jpg\"><img loading=\"lazy\" src=\"https:\/\/www.mouthiers-sur-boeme.fr\/wp-content\/uploads\/2024\/11\/WEB_Sortie_Mercerie_Nov24_v2.jpg\" alt=\"\" class=\"wp-image-11714\" width=\"275\" height=\"387\" srcset=\"https:\/\/www.mouthiers-sur-boeme.fr\/wp-content\/uploads\/2024\/11\/WEB_Sortie_Mercerie_Nov24_v2.jpg 712w, https:\/\/www.mouthiers-sur-boeme.fr\/wp-content\/uploads\/2024\/11\/WEB_Sortie_Mercerie_Nov24_v2-214x300.jpg 214w\" sizes=\"(max-width: 275px) 100vw, 275px\" \/><\/a><\/figure><\/div>\n\n\n\n<p><strong>Mois Solidaire<\/strong><\/p>\n\n\n\n<p>En d\u00e9cembre c\u2019est le mois solidaire, pour la 4\u00e8me \u00e9dition Effervescentre propose :<\/p>\n\n\n\n<p><strong>Spectacle \u201cKr\u00e9atures\u201d du Th\u00e9\u00e2tre de l&rsquo;\u00c9quinoxe <\/strong>, gratuit sur r\u00e9servation.<\/p>\n\n\n\n<ul><li><strong>Le mercredi 11 d\u00e9cembre 2024<\/strong>, accueil des spectateurs \u00e0 18h30, \u00e0 la salle omnisports de Sireuil.<\/li><\/ul>\n\n\n\n<p>Billets \u00e0 r\u00e9cup\u00e9rer obligatoirement \u00e0 l\u2019accueil d\u2019Effervescentre \u00e0 partir du 21 novembre 2024<\/p>\n\n\n\n<p><strong>Si la biblioth\u00e8que m\u2019\u00e9tait cont\u00e9e \u201cLes lu<\/strong><strong>tins en vadrouille<\/strong><strong>\u201d<\/strong><\/p>\n\n\n\n<ul><li><strong>Samedi <\/strong><strong>7<\/strong><strong> <\/strong><strong>d\u00e9cembre<\/strong><strong> 2024<\/strong> de 15h30 \u00e0 16h30, biblioth\u00e8que de Roullet, pour les enfants de 3 \u00e0 6 ans, lecture et go\u00fbter offert !<\/li><\/ul>\n\n\n\n<p><strong>Rencontres bla bla chocolat<\/strong><\/p>\n\n\n\n<p>Le P\u00f4le social propose une rencontre autour d\u2019un go\u00fbter offert \u00e0 la sortie des \u00e9coles, sur les diff\u00e9rentes communes. L\u2019occasion de partager un moment convivial, d\u2019\u00e9changer et d\u2019informer les parents sur les \u00e9v\u00e9nements port\u00e9s et propos\u00e9s par Effervescentre.<\/p>\n\n\n\n<ul><li><strong>Lundi 9 d\u00e9cembre \u00e0 l\u2019\u00e9cole de Claix<\/strong><\/li><li><strong>Mardi 10 d\u00e9cembre \u00e0 l\u2019\u00e9cole de Roullet<\/strong><\/li><li><strong>Jeudi 12 d\u00e9cembre \u00e0 l\u2019\u00e9cole de Mouthiers<\/strong><\/li><li><strong>Lundi 16 d\u00e9cembre \u00e0 l&rsquo;\u00e9cole de Sireuil<\/strong><\/li><li><strong>Mardi 17 d\u00e9cembre \u00e0 l\u2019\u00e9cole de Trois-Palis<\/strong><\/li><\/ul>\n\n\n\n<p><strong>Atelier parents \/ enfants<\/strong><\/p>\n\n\n\n<p>Atelier cr\u00e9atif en famille, parents\/enfants, grands-parents\/enfants de 14h \u00e0 16h30 \u00e0 Effervescentre \u00e0 Roullet-St-Est\u00e8phe. Caf\u00e9, th\u00e9 et go\u00fbter offert.<\/p>\n\n\n\n<ul><li><strong>Mercredi 18 d\u00e9cembre sp\u00e9cial No\u00ebl<\/strong><\/li><\/ul>\n\n\n\n<ul><li><strong>Cr\u00e9ation de petites d\u00e9corations de No\u00ebl en r\u00e9cup<\/strong><\/li><li><strong>Go\u00fbter de No\u00ebl de 16h30 \u00e0 17h<\/strong><\/li><li><strong>P\u2019tit pestacle de marionnettes de 17h \u00e0 17h30<\/strong><\/li><\/ul>\n\n\n\n<p>Adh\u00e9sion 3\u20ac\/an, sur inscription.<\/p>\n\n\n\n<p>1 mercredi 1 fois par mois, pour conna\u00eetre les dates et th\u00e9matiques des ateliers rendez-vous sur notre page Facebook ou contactez-nous au 05 45 67 84 38<\/p>\n\n\n\n<p><strong>Sport en famille<\/strong><\/p>\n\n\n\n<p>Partagez un moment sportif en famille, Ultimate, Kin-ball, jeux sportifs, \u00e0 la salle omnisports de Sireuil. Tous \u00e2ges, gratuit, adh\u00e9sion annuelle \u00e0 jour, sur inscription au 05 45 67 84 38.<\/p>\n\n\n\n<ul><li><strong>Samedi 21 d\u00e9cembre de 10h \u00e0 12h<\/strong><\/li><\/ul>\n\n\n\n<p><strong>Journ\u00e9e en famille<\/strong><\/p>\n\n\n\n<p>Un apr\u00e8s-midi jeu de soci\u00e9t\u00e9 est propos\u00e9 pour les familles<\/p>\n\n\n\n<ul><li><strong>Lundi 30 d\u00e9cembre de 14h \u00e0 16h30 au Berguille \u00e0 Roullet<\/strong><\/li><\/ul>\n\n\n\n<p>Sur inscription au 05 45 67 84 38<\/p>\n\n\n\n<p><strong>Accueil de loisirs<\/strong><\/p>\n\n\n\n<p>Les enfants de 3 \u00e0 11 ans sont accueillis du <strong>30 d\u00e9cembre 2024 au 3 janvier 2025<\/strong> \u00e0 l\u2019\u00e9cole de Mouthiers-sur-Bo\u00ebme, th\u00e8me \u201cBlanc comme neige\u201d. Inscription sur l\u2019espace famille. Tarifs et modalit\u00e9s d\u2019inscription consultable sur le site internet d\u2019Effervescentre.<\/p>\n\n\n\n<p><strong>Stage sportif<\/strong><\/p>\n\n\n\n<p>Pendant les vacances de No\u00ebl 1 semaine de stage sportif est propos\u00e9e pour les enfants de 4\/6 ans de 10h15 \u00e0 11h45 et les 6\/10 ans de 13h30 \u00e0 16h30 \u00e0 la salle omnisports de Sireuil.<\/p>\n\n\n\n<ul><li><strong>Du 30 d\u00e9cembre 2024 au 3 janvier 2025<\/strong><\/li><\/ul>\n\n\n\n<p>Tarif 12\u20ac le stage de 4 jours + 6\u20ac l\u2019adh\u00e9sion<\/p>\n\n\n\n<p>Pour plus d\u2019informations, contacter Florian au 06 79 89 73 42, inscription au 05 45 67 84 38<\/p>\n\n\n\n<p><strong>Randonn\u00e9es th\u00e9matiques<\/strong><\/p>\n\n\n\n<p>Florian Caillaud propose au mois de d\u00e9cembre, des randonn\u00e9es th\u00e9matiques, les mardis et jeudis apr\u00e8s-midi, sur les communes de Voulg\u00e9zac, Claix, Plassac-Rouffiac et Trois-Palis.<\/p>\n\n\n\n<p><strong>Th\u00e8me \u201cLitt\u00e9rature\u201d<\/strong><\/p>\n\n\n\n<ul><li>Mardi 3 d\u00e9cembre \u00e0 voulg\u00e9zac<\/li><li>Vendredi 6 d\u00e9cembre \u00e0 Trois-Palis<\/li><li>Mardi 10 d\u00e9cembre \u00e0 Claix<\/li><li>Vendredi 13 d\u00e9cembre \u00e0 Plassac-Rouffiac<\/li><\/ul>\n\n\n\n<p><strong>Th\u00e8me \u201cJasmin d\u2019hiver et souliers chauds\u201d<\/strong><\/p>\n\n\n\n<ul><li>Mardi 17 d\u00e9cembre \u00e0 Voulg\u00e9zac<\/li><li>Vendredi 20 d\u00e9cembre \u00e0 Trois-Palis<\/li><\/ul>\n\n\n\n<p>Pour plus d\u2019informations contacter Florian au 06 79 89 73 42.<\/p>\n\n\n\n<p><strong>Les ateliers et services du p\u00f4le social<\/strong><\/p>\n\n\n\n<p><strong>Ateliers Entr&rsquo;aide<\/strong><\/p>\n\n\n\n<p>Pour sortir de l&rsquo;isolement et de la solitude, ateliers cuisine, ateliers cr\u00e9atifs, sorties collectives, rencontres conviviales, participation aux \u00e9v\u00e8nements du territoire, organisation semaine solidaire.<\/p>\n\n\n\n<p>Tous les mardis, matin ou apr\u00e8s-midi selon programmation, adh\u00e9sion 3\u20ac\/an sur inscription. Plus d\u2019information au 05 45 67 84 38<\/p>\n\n\n\n<p><strong>Ateliers num\u00e9riques<\/strong><\/p>\n\n\n\n<p>\u00catre autonome sur son ordinateur, d\u00e9couvrir l&rsquo;ordinateur, faire une recherche internet, cr\u00e9er et utiliser une adresse email, mettre en page un texte, tous niveaux, cours collectifs ou individuels.<\/p>\n\n\n\n<p>Animatrice Margaux EBE, cr\u00e9neaux de 11h \u00e0 12h et de 14h \u00e0 15h<\/p>\n\n\n\n<p>Tarif 10\u20ac + 3\u20ac d\u2019adh\u00e9sion, renseignements et inscription au 05-45-67-84-38 ou cdn@effervescentre.fr<\/p>\n\n\n\n<p><strong>Espace France Service<\/strong><\/p>\n\n\n\n<p>Aide aux d\u00e9marches administratives li\u00e9es \u00e0 la vie quotidienne, carte grise, CARSAT, CAF, MSA, sur rendez-vous.<\/p>\n\n\n\n<p>Pour toute informations et prise de rendez-vous : Sophie 05 45 67 84 38<\/p>\n\n\n\n<p><strong>Coup d\u2019pouce Vie Asso<\/strong><\/p>\n\n\n\n<p>Effervescentre, dans le cadre de son label GUID\u2019ASSO, propose un<strong> Caf\u00e9 associatif <\/strong>\u201c<strong>G\u00e9rer la tr\u00e9sorerie de votre association\u201d<\/strong>, le<strong> jeudi 5 d\u00e9cembre, de 18h30 \u00e0 20h30 <\/strong>au Berguille \u00e0 Roullet-St-Est\u00e8phe. Exercices pratiques et \u00e9changes entre participants.<\/p>\n\n\n\n<p>Programme :<\/p>\n\n\n\n<ul><li>Les obligations comptables<\/li><li>Classement des pi\u00e8ces comptables<\/li><li>Etablir un budget pr\u00e9visionnel<\/li><li>Faire une demande de subvention<\/li><\/ul>\n\n\n\n<p>Gratuit, sur inscription au 05 45 67 84 38 ou vieasso@effervescentre.fr<\/p>\n\n\n\n<p>Vous \u00eates b\u00e9n\u00e9voles dans une association, et vous avez besoin d\u2019informations. N\u2019h\u00e9sitez pas \u00e0 prendre rendez-vous avec Katia Antivilo au 05 45 67 84 38 &#8211; <a href=\"mailto:vieasso@effervescentre.fr\"><u>vieasso@effervescentre.fr<\/u><\/a><\/p>\n\n\n\n<p>Effervescentre est pr\u00e9sent sur les r\u00e9seaux, abonnez-vous et partagez les publications sans mod\u00e9ration !<\/p>\n\n\n\n<div class=\"wp-block-image\"><figure class=\"alignleft size-large is-resized\"><a href=\"https:\/\/www.mouthiers-sur-boeme.fr\/wp-content\/uploads\/2024\/11\/WEB_Flyer_CafeAsso_5dec24_v1-1.jpg\"><img loading=\"lazy\" src=\"https:\/\/www.mouthiers-sur-boeme.fr\/wp-content\/uploads\/2024\/11\/WEB_Flyer_CafeAsso_5dec24_v1-1-718x1024.jpg\" alt=\"\" class=\"wp-image-11788\" width=\"227\" height=\"324\" srcset=\"https:\/\/www.mouthiers-sur-boeme.fr\/wp-content\/uploads\/2024\/11\/WEB_Flyer_CafeAsso_5dec24_v1-1-718x1024.jpg 718w, https:\/\/www.mouthiers-sur-boeme.fr\/wp-content\/uploads\/2024\/11\/WEB_Flyer_CafeAsso_5dec24_v1-1-210x300.jpg 210w, https:\/\/www.mouthiers-sur-boeme.fr\/wp-content\/uploads\/2024\/11\/WEB_Flyer_CafeAsso_5dec24_v1-1-768x1096.jpg 768w, https:\/\/www.mouthiers-sur-boeme.fr\/wp-content\/uploads\/2024\/11\/WEB_Flyer_CafeAsso_5dec24_v1-1.jpg 785w\" sizes=\"(max-width: 227px) 100vw, 227px\" \/><\/a><\/figure><\/div>\n\n\n\n<p class=\"has-text-align-center has-text-color\" style=\"color:#cc0c05;font-size:30px\"><strong>Nous vous informons que le centre social Effervescentre sera ferm\u00e9 du 23 au 27 d\u00e9cembre 2024<\/strong><\/p>\n\n\n\n<p><a href=\"https:\/\/effervescentre.fr\/\" data-type=\"URL\" data-id=\"https:\/\/effervescentre.fr\/\" target=\"_blank\" rel=\"noreferrer noopener\">Site web<\/a><\/p>\n\n\n\n<p><a href=\"http:\/\/www.facebook.com\/effervescentre\" data-type=\"URL\" data-id=\"http:\/\/www.facebook.com\/effervescentre\" target=\"_blank\" rel=\"noreferrer noopener\">Facebook<\/a><\/p>\n\n\n\n<div class=\"wp-block-image\"><figure class=\"alignleft size-large is-resized\"><a href=\"https:\/\/www.mouthiers-sur-boeme.fr\/wp-content\/uploads\/2024\/11\/Visu-WEB-BiblioContee_7dec_v1-1.jpg\"><img loading=\"lazy\" src=\"https:\/\/www.mouthiers-sur-boeme.fr\/wp-content\/uploads\/2024\/11\/Visu-WEB-BiblioContee_7dec_v1-1-724x1024.jpg\" alt=\"\" class=\"wp-image-11790\" width=\"197\" height=\"279\" srcset=\"https:\/\/www.mouthiers-sur-boeme.fr\/wp-content\/uploads\/2024\/11\/Visu-WEB-BiblioContee_7dec_v1-1-724x1024.jpg 724w, https:\/\/www.mouthiers-sur-boeme.fr\/wp-content\/uploads\/2024\/11\/Visu-WEB-BiblioContee_7dec_v1-1-212x300.jpg 212w, https:\/\/www.mouthiers-sur-boeme.fr\/wp-content\/uploads\/2024\/11\/Visu-WEB-BiblioContee_7dec_v1-1-768x1086.jpg 768w, https:\/\/www.mouthiers-sur-boeme.fr\/wp-content\/uploads\/2024\/11\/Visu-WEB-BiblioContee_7dec_v1-1.jpg 848w\" sizes=\"(max-width: 197px) 100vw, 197px\" \/><\/a><\/figure><\/div>\n\n\n\n<div class=\"wp-block-image\"><figure class=\"alignright size-large is-resized\"><a href=\"https:\/\/www.mouthiers-sur-boeme.fr\/wp-content\/uploads\/2024\/11\/A4_Atelier_18dec24_v1.jpg\"><img loading=\"lazy\" src=\"https:\/\/www.mouthiers-sur-boeme.fr\/wp-content\/uploads\/2024\/11\/A4_Atelier_18dec24_v1-724x1024.jpg\" alt=\"\" class=\"wp-image-11791\" width=\"184\" height=\"261\" srcset=\"https:\/\/www.mouthiers-sur-boeme.fr\/wp-content\/uploads\/2024\/11\/A4_Atelier_18dec24_v1-724x1024.jpg 724w, https:\/\/www.mouthiers-sur-boeme.fr\/wp-content\/uploads\/2024\/11\/A4_Atelier_18dec24_v1-212x300.jpg 212w, https:\/\/www.mouthiers-sur-boeme.fr\/wp-content\/uploads\/2024\/11\/A4_Atelier_18dec24_v1-768x1086.jpg 768w, https:\/\/www.mouthiers-sur-boeme.fr\/wp-content\/uploads\/2024\/11\/A4_Atelier_18dec24_v1.jpg 848w\" sizes=\"(max-width: 184px) 100vw, 184px\" \/><\/a><\/figure><\/div>\n\n\n\n<div class=\"wp-block-image\"><figure class=\"alignright size-large is-resized\"><a href=\"https:\/\/www.mouthiers-sur-boeme.fr\/wp-content\/uploads\/2024\/11\/A4_StageSportif_dec24_v1-V.jpg\"><img loading=\"lazy\" src=\"https:\/\/www.mouthiers-sur-boeme.fr\/wp-content\/uploads\/2024\/11\/A4_StageSportif_dec24_v1-V-724x1024.jpg\" alt=\"\" class=\"wp-image-11792\" width=\"182\" height=\"257\" srcset=\"https:\/\/www.mouthiers-sur-boeme.fr\/wp-content\/uploads\/2024\/11\/A4_StageSportif_dec24_v1-V-724x1024.jpg 724w, https:\/\/www.mouthiers-sur-boeme.fr\/wp-content\/uploads\/2024\/11\/A4_StageSportif_dec24_v1-V-212x300.jpg 212w, https:\/\/www.mouthiers-sur-boeme.fr\/wp-content\/uploads\/2024\/11\/A4_StageSportif_dec24_v1-V-768x1086.jpg 768w, https:\/\/www.mouthiers-sur-boeme.fr\/wp-content\/uploads\/2024\/11\/A4_StageSportif_dec24_v1-V.jpg 848w\" sizes=\"(max-width: 182px) 100vw, 182px\" \/><\/a><\/figure><\/div>\n\n\n\n<div class=\"wp-block-image\"><figure class=\"alignleft size-large is-resized\"><a href=\"https:\/\/www.mouthiers-sur-boeme.fr\/wp-content\/uploads\/2024\/11\/A4_StageSportif_dec24_v1-R.jpg\"><img loading=\"lazy\" src=\"https:\/\/www.mouthiers-sur-boeme.fr\/wp-content\/uploads\/2024\/11\/A4_StageSportif_dec24_v1-R-724x1024.jpg\" alt=\"\" class=\"wp-image-11793\" width=\"189\" height=\"268\" srcset=\"https:\/\/www.mouthiers-sur-boeme.fr\/wp-content\/uploads\/2024\/11\/A4_StageSportif_dec24_v1-R-724x1024.jpg 724w, https:\/\/www.mouthiers-sur-boeme.fr\/wp-content\/uploads\/2024\/11\/A4_StageSportif_dec24_v1-R-212x300.jpg 212w, https:\/\/www.mouthiers-sur-boeme.fr\/wp-content\/uploads\/2024\/11\/A4_StageSportif_dec24_v1-R-768x1086.jpg 768w, https:\/\/www.mouthiers-sur-boeme.fr\/wp-content\/uploads\/2024\/11\/A4_StageSportif_dec24_v1-R.jpg 848w\" sizes=\"(max-width: 189px) 100vw, 189px\" \/><\/a><\/figure><\/div>\n\n\n\n<p><\/p>\n\n\n\n<div class=\"wp-block-image\"><figure class=\"alignleft size-large is-resized\"><a href=\"https:\/\/www.mouthiers-sur-boeme.fr\/wp-content\/uploads\/2024\/11\/WEB_RANDOS_DEC24_v1-1.jpg\"><img loading=\"lazy\" src=\"https:\/\/www.mouthiers-sur-boeme.fr\/wp-content\/uploads\/2024\/11\/WEB_RANDOS_DEC24_v1-1-724x1024.jpg\" alt=\"\" class=\"wp-image-11794\" width=\"214\" height=\"302\" srcset=\"https:\/\/www.mouthiers-sur-boeme.fr\/wp-content\/uploads\/2024\/11\/WEB_RANDOS_DEC24_v1-1-724x1024.jpg 724w, https:\/\/www.mouthiers-sur-boeme.fr\/wp-content\/uploads\/2024\/11\/WEB_RANDOS_DEC24_v1-1-212x300.jpg 212w, https:\/\/www.mouthiers-sur-boeme.fr\/wp-content\/uploads\/2024\/11\/WEB_RANDOS_DEC24_v1-1-768x1086.jpg 768w, https:\/\/www.mouthiers-sur-boeme.fr\/wp-content\/uploads\/2024\/11\/WEB_RANDOS_DEC24_v1-1.jpg 848w\" sizes=\"(max-width: 214px) 100vw, 214px\" \/><\/a><\/figure><\/div>\n\n\n\n<div class=\"wp-block-image\"><figure class=\"alignright size-large is-resized\"><a href=\"https:\/\/www.mouthiers-sur-boeme.fr\/wp-content\/uploads\/2024\/11\/WEB_soireeJEUX_30dec24_v2.jpg\"><img loading=\"lazy\" src=\"https:\/\/www.mouthiers-sur-boeme.fr\/wp-content\/uploads\/2024\/11\/WEB_soireeJEUX_30dec24_v2-724x1024.jpg\" alt=\"\" class=\"wp-image-11795\" width=\"210\" height=\"297\" srcset=\"https:\/\/www.mouthiers-sur-boeme.fr\/wp-content\/uploads\/2024\/11\/WEB_soireeJEUX_30dec24_v2-724x1024.jpg 724w, https:\/\/www.mouthiers-sur-boeme.fr\/wp-content\/uploads\/2024\/11\/WEB_soireeJEUX_30dec24_v2-212x300.jpg 212w, https:\/\/www.mouthiers-sur-boeme.fr\/wp-content\/uploads\/2024\/11\/WEB_soireeJEUX_30dec24_v2-768x1086.jpg 768w, https:\/\/www.mouthiers-sur-boeme.fr\/wp-content\/uploads\/2024\/11\/WEB_soireeJEUX_30dec24_v2.jpg 848w\" sizes=\"(max-width: 210px) 100vw, 210px\" \/><\/a><\/figure><\/div>\n","protected":false},"excerpt":{"rendered":"<p>Culture Si la biblioth\u00e8que m\u2019\u00e9tait cont\u00e9e \u201cLes lutins en vadrouille\u201d Samedi 7 d\u00e9cembre de 15h30 \u00e0 16h30, biblioth\u00e8que de Roullet, enfants 3 \u00e0 6 ans. Mois Solidaire En d\u00e9cembre c\u2019est le mois solidaire, pour la 4\u00e8me \u00e9dition Effervescentre propose : Spectacle \u201cKr\u00e9atures\u201d du Th\u00e9\u00e2tre de l&rsquo;\u00c9quinoxe , gratuit sur r\u00e9servation. Le mercredi 11 d\u00e9cembre 2024, &hellip; <a href=\"https:\/\/www.mouthiers-sur-boeme.fr\/?p=11580\" class=\"more-link\">Continuer la lecture de <span class=\"screen-reader-text\">INFORMATIONS ET  programme du mois de D\u00c9CEMBRE<\/span>  <span class=\"meta-nav\">&rarr;<\/span><\/a><\/p>\n","protected":false},"author":22,"featured_media":11374,"comment_status":"open","ping_status":"open","sticky":false,"template":"","format":"standard","meta":[],"categories":[91],"tags":[],"_links":{"self":[{"href":"https:\/\/www.mouthiers-sur-boeme.fr\/index.php?rest_route=\/wp\/v2\/posts\/11580"}],"collection":[{"href":"https:\/\/www.mouthiers-sur-boeme.fr\/index.php?rest_route=\/wp\/v2\/posts"}],"about":[{"href":"https:\/\/www.mouthiers-sur-boeme.fr\/index.php?rest_route=\/wp\/v2\/types\/post"}],"author":[{"embeddable":true,"href":"https:\/\/www.mouthiers-sur-boeme.fr\/index.php?rest_route=\/wp\/v2\/users\/22"}],"replies":[{"embeddable":true,"href":"https:\/\/www.mouthiers-sur-boeme.fr\/index.php?rest_route=%2Fwp%2Fv2%2Fcomments&post=11580"}],"version-history":[{"count":34,"href":"https:\/\/www.mouthiers-sur-boeme.fr\/index.php?rest_route=\/wp\/v2\/posts\/11580\/revisions"}],"predecessor-version":[{"id":11800,"href":"https:\/\/www.mouthiers-sur-boeme.fr\/index.php?rest_route=\/wp\/v2\/posts\/11580\/revisions\/11800"}],"wp:featuredmedia":[{"embeddable":true,"href":"https:\/\/www.mouthiers-sur-boeme.fr\/index.php?rest_route=\/wp\/v2\/media\/11374"}],"wp:attachment":[{"href":"https:\/\/www.mouthiers-sur-boeme.fr\/index.php?rest_route=%2Fwp%2Fv2%2Fmedia&parent=11580"}],"wp:term":[{"taxonomy":"category","embeddable":true,"href":"https:\/\/www.mouthiers-sur-boeme.fr\/index.php?rest_route=%2Fwp%2Fv2%2Fcategories&post=11580"},{"taxonomy":"post_tag","embeddable":true,"href":"https:\/\/www.mouthiers-sur-boeme.fr\/index.php?rest_route=%2Fwp%2Fv2%2Ftags&post=11580"}],"curies":[{"name":"wp","href":"https:\/\/api.w.org\/{rel}","templated":true}]}}