{"id":11603,"date":"2024-09-20T14:35:01","date_gmt":"2024-09-20T13:35:01","guid":{"rendered":"https:\/\/www.mouthiers-sur-boeme.fr\/?p=11603"},"modified":"2024-09-21T08:34:57","modified_gmt":"2024-09-21T07:34:57","slug":"journees-du-patrimoine","status":"publish","type":"post","link":"https:\/\/www.mouthiers-sur-boeme.fr\/?p=11603","title":{"rendered":"JOURN\u00c9ES DU PATRIMOINE"},"content":{"rendered":"\n<p>DIMANCHE 22 SEPTEMBRE 2024<\/p>\n\n\n\n<p>Rendez-vous \u00e0 l&rsquo;\u00e9glise Saint-Hilaire 15h30 &#8211; visite par le service Pays d&rsquo;Art et d&rsquo;Histoire, suivi d&rsquo;un concert dans l&rsquo;\u00e9glise HOMMAGE \u00c0 GABRIEL FAUR\u00c9.<\/p>\n\n\n\n<figure class=\"wp-block-image size-large\"><a href=\"https:\/\/www.mouthiers-sur-boeme.fr\/wp-content\/uploads\/2024\/09\/IMG_20240918_133222.jpg\"><img loading=\"lazy\" width=\"1024\" height=\"842\" src=\"https:\/\/www.mouthiers-sur-boeme.fr\/wp-content\/uploads\/2024\/09\/IMG_20240918_133222-1024x842.jpg\" alt=\"\" class=\"wp-image-11604\" srcset=\"https:\/\/www.mouthiers-sur-boeme.fr\/wp-content\/uploads\/2024\/09\/IMG_20240918_133222-1024x842.jpg 1024w, https:\/\/www.mouthiers-sur-boeme.fr\/wp-content\/uploads\/2024\/09\/IMG_20240918_133222-300x247.jpg 300w, https:\/\/www.mouthiers-sur-boeme.fr\/wp-content\/uploads\/2024\/09\/IMG_20240918_133222-768x631.jpg 768w, https:\/\/www.mouthiers-sur-boeme.fr\/wp-content\/uploads\/2024\/09\/IMG_20240918_133222.jpg 1067w\" sizes=\"(max-width: 1024px) 100vw, 1024px\" \/><\/a><\/figure>\n\n\n\n<p><\/p>\n","protected":false},"excerpt":{"rendered":"<p>DIMANCHE 22 SEPTEMBRE 2024 Rendez-vous \u00e0 l&rsquo;\u00e9glise Saint-Hilaire 15h30 &#8211; visite par le service Pays d&rsquo;Art et d&rsquo;Histoire, suivi d&rsquo;un concert dans l&rsquo;\u00e9glise HOMMAGE \u00c0 GABRIEL FAUR\u00c9.<\/p>\n","protected":false},"author":22,"featured_media":0,"comment_status":"open","ping_status":"open","sticky":false,"template":"","format":"standard","meta":[],"categories":[98,10,74],"tags":[],"_links":{"self":[{"href":"https:\/\/www.mouthiers-sur-boeme.fr\/index.php?rest_route=\/wp\/v2\/posts\/11603"}],"collection":[{"href":"https:\/\/www.mouthiers-sur-boeme.fr\/index.php?rest_route=\/wp\/v2\/posts"}],"about":[{"href":"https:\/\/www.mouthiers-sur-boeme.fr\/index.php?rest_route=\/wp\/v2\/types\/post"}],"author":[{"embeddable":true,"href":"https:\/\/www.mouthiers-sur-boeme.fr\/index.php?rest_route=\/wp\/v2\/users\/22"}],"replies":[{"embeddable":true,"href":"https:\/\/www.mouthiers-sur-boeme.fr\/index.php?rest_route=%2Fwp%2Fv2%2Fcomments&post=11603"}],"version-history":[{"count":1,"href":"https:\/\/www.mouthiers-sur-boeme.fr\/index.php?rest_route=\/wp\/v2\/posts\/11603\/revisions"}],"predecessor-version":[{"id":11605,"href":"https:\/\/www.mouthiers-sur-boeme.fr\/index.php?rest_route=\/wp\/v2\/posts\/11603\/revisions\/11605"}],"wp:attachment":[{"href":"https:\/\/www.mouthiers-sur-boeme.fr\/index.php?rest_route=%2Fwp%2Fv2%2Fmedia&parent=11603"}],"wp:term":[{"taxonomy":"category","embeddable":true,"href":"https:\/\/www.mouthiers-sur-boeme.fr\/index.php?rest_route=%2Fwp%2Fv2%2Fcategories&post=11603"},{"taxonomy":"post_tag","embeddable":true,"href":"https:\/\/www.mouthiers-sur-boeme.fr\/index.php?rest_route=%2Fwp%2Fv2%2Ftags&post=11603"}],"curies":[{"name":"wp","href":"https:\/\/api.w.org\/{rel}","templated":true}]}}