{"id":11664,"date":"2024-10-17T08:59:27","date_gmt":"2024-10-17T07:59:27","guid":{"rendered":"https:\/\/www.mouthiers-sur-boeme.fr\/?p=11664"},"modified":"2024-11-04T10:42:30","modified_gmt":"2024-11-04T09:42:30","slug":"bourse-aux-jouets","status":"publish","type":"post","link":"https:\/\/www.mouthiers-sur-boeme.fr\/?p=11664","title":{"rendered":"Bourse aux jouets"},"content":{"rendered":"\n<p>Vous avez des jouets en bon \u00e9tat \u00e0 revendre ? Vous voulez pr\u00e9parer No\u00ebl \u00e0 moindre co\u00fbt et faire un bon geste pour la plan\u00e8te ?<\/p>\n\n\n\n<p>L&rsquo;association des parents d&rsquo;\u00e9l\u00e8ves de Mouthiers vous  invite \u00e0 partager ce moment convivial et solidaire le dimanche 3 novembre de 10h \u00e0 17h \u00e0 la salle Gilles Ploquin.<\/p>\n\n\n\n<figure class=\"wp-block-image size-large is-resized\"><a href=\"https:\/\/www.mouthiers-sur-boeme.fr\/wp-content\/uploads\/2024\/10\/bourses-aux-jouets_20241014_064606_0000.png\"><img loading=\"lazy\" src=\"https:\/\/www.mouthiers-sur-boeme.fr\/wp-content\/uploads\/2024\/10\/bourses-aux-jouets_20241014_064606_0000-576x1024.png\" alt=\"\" class=\"wp-image-11665\" width=\"232\" height=\"412\" srcset=\"https:\/\/www.mouthiers-sur-boeme.fr\/wp-content\/uploads\/2024\/10\/bourses-aux-jouets_20241014_064606_0000-576x1024.png 576w, https:\/\/www.mouthiers-sur-boeme.fr\/wp-content\/uploads\/2024\/10\/bourses-aux-jouets_20241014_064606_0000-169x300.png 169w, https:\/\/www.mouthiers-sur-boeme.fr\/wp-content\/uploads\/2024\/10\/bourses-aux-jouets_20241014_064606_0000-768x1365.png 768w, https:\/\/www.mouthiers-sur-boeme.fr\/wp-content\/uploads\/2024\/10\/bourses-aux-jouets_20241014_064606_0000-864x1536.png 864w, https:\/\/www.mouthiers-sur-boeme.fr\/wp-content\/uploads\/2024\/10\/bourses-aux-jouets_20241014_064606_0000.png 1080w\" sizes=\"(max-width: 232px) 100vw, 232px\" \/><\/a><\/figure>\n","protected":false},"excerpt":{"rendered":"<p>Vous avez des jouets en bon \u00e9tat \u00e0 revendre ? Vous voulez pr\u00e9parer No\u00ebl \u00e0 moindre co\u00fbt et faire un bon geste pour la plan\u00e8te ? L&rsquo;association des parents d&rsquo;\u00e9l\u00e8ves de Mouthiers vous invite \u00e0 partager ce moment convivial et solidaire le dimanche 3 novembre de 10h \u00e0 17h \u00e0 la salle Gilles Ploquin.<\/p>\n","protected":false},"author":22,"featured_media":0,"comment_status":"open","ping_status":"open","sticky":false,"template":"","format":"standard","meta":[],"categories":[97],"tags":[],"_links":{"self":[{"href":"https:\/\/www.mouthiers-sur-boeme.fr\/index.php?rest_route=\/wp\/v2\/posts\/11664"}],"collection":[{"href":"https:\/\/www.mouthiers-sur-boeme.fr\/index.php?rest_route=\/wp\/v2\/posts"}],"about":[{"href":"https:\/\/www.mouthiers-sur-boeme.fr\/index.php?rest_route=\/wp\/v2\/types\/post"}],"author":[{"embeddable":true,"href":"https:\/\/www.mouthiers-sur-boeme.fr\/index.php?rest_route=\/wp\/v2\/users\/22"}],"replies":[{"embeddable":true,"href":"https:\/\/www.mouthiers-sur-boeme.fr\/index.php?rest_route=%2Fwp%2Fv2%2Fcomments&post=11664"}],"version-history":[{"count":2,"href":"https:\/\/www.mouthiers-sur-boeme.fr\/index.php?rest_route=\/wp\/v2\/posts\/11664\/revisions"}],"predecessor-version":[{"id":11724,"href":"https:\/\/www.mouthiers-sur-boeme.fr\/index.php?rest_route=\/wp\/v2\/posts\/11664\/revisions\/11724"}],"wp:attachment":[{"href":"https:\/\/www.mouthiers-sur-boeme.fr\/index.php?rest_route=%2Fwp%2Fv2%2Fmedia&parent=11664"}],"wp:term":[{"taxonomy":"category","embeddable":true,"href":"https:\/\/www.mouthiers-sur-boeme.fr\/index.php?rest_route=%2Fwp%2Fv2%2Fcategories&post=11664"},{"taxonomy":"post_tag","embeddable":true,"href":"https:\/\/www.mouthiers-sur-boeme.fr\/index.php?rest_route=%2Fwp%2Fv2%2Ftags&post=11664"}],"curies":[{"name":"wp","href":"https:\/\/api.w.org\/{rel}","templated":true}]}}