{"id":11686,"date":"2024-10-26T09:04:24","date_gmt":"2024-10-26T08:04:24","guid":{"rendered":"https:\/\/www.mouthiers-sur-boeme.fr\/?p=11686"},"modified":"2024-12-12T11:05:29","modified_gmt":"2024-12-12T10:05:29","slug":"familibulle-en-novembre","status":"publish","type":"post","link":"https:\/\/www.mouthiers-sur-boeme.fr\/?p=11686","title":{"rendered":"famili&rsquo;bulle en novembre et d\u00e9cembre"},"content":{"rendered":"\n<p>Bonjour,<\/p>\n\n\n\n<p>Permanences, temps forts\u2026 D\u00e9couvrez toute <strong>l\u2019actualit\u00e9 de Famili\u2019Bulle du mois de novembre<\/strong> en cliquant sur les images ci-dessous<\/p>\n\n\n\n<figure class=\"wp-block-table\"><table><tbody><tr><td><img loading=\"lazy\" width=\"259\" height=\"378\" src=\"https:\/\/mail.mouthiers-sur-boeme.fr\/service\/home\/~\/?auth=co&amp;loc=fr_FR&amp;id=63104&amp;part=2\"><a href=\"https:\/\/www.caf.fr\/sites\/default\/files\/medias\/161\/Allocataires\/Vie_personnelle\/Famili%27Bulle\/programmation-novembre.pdf\" target=\"_blank\" rel=\"noreferrer noopener\"><\/a><\/td><td><img loading=\"lazy\" width=\"267\" height=\"378\" alt=\"Une image contenant texte, capture d\u2019\u00e9cran, affiche, graphisme\n\nDescription g\u00e9n\u00e9r\u00e9e automatiquement\" src=\"https:\/\/mail.mouthiers-sur-boeme.fr\/service\/home\/~\/?auth=co&amp;loc=fr_FR&amp;id=63104&amp;part=3\"><a href=\"https:\/\/www.caf.fr\/sites\/default\/files\/medias\/161\/Allocataires\/Vie_personnelle\/Famili%27Bulle\/Parlons-PMA-2024_2025.pdf\" target=\"_blank\" rel=\"noreferrer noopener\"><\/a><\/td><td><img loading=\"lazy\" width=\"267\" height=\"377\" src=\"https:\/\/mail.mouthiers-sur-boeme.fr\/service\/home\/~\/?auth=co&amp;loc=fr_FR&amp;id=63104&amp;part=4\"><a href=\"https:\/\/www.caf.fr\/sites\/default\/files\/medias\/161\/Allocataires\/Vie_personnelle\/Famili%27Bulle\/Emmaillotage-bain-enveloppe.pdf\" target=\"_blank\" rel=\"noreferrer noopener\"><\/a><\/td><td><img loading=\"lazy\" width=\"267\" height=\"378\" alt=\"Une image contenant texte, capture d\u2019\u00e9cran, habits, personne\n\nDescription g\u00e9n\u00e9r\u00e9e automatiquement\" src=\"https:\/\/mail.mouthiers-sur-boeme.fr\/service\/home\/~\/?auth=co&amp;loc=fr_FR&amp;id=63104&amp;part=5\"><a href=\"https:\/\/www.caf.fr\/sites\/default\/files\/medias\/161\/Allocataires\/Vie_personnelle\/Famili%27Bulle\/Parent-non-hebergeant-2024.pdf\" target=\"_blank\" rel=\"noreferrer noopener\"><\/a><\/td><td><\/td><td>&nbsp;<\/td><\/tr><tr><td>&nbsp;<\/td><td><img loading=\"lazy\" width=\"216\" height=\"87\" src=\"https:\/\/mail.mouthiers-sur-boeme.fr\/service\/home\/~\/?auth=co&amp;loc=fr_FR&amp;id=63104&amp;part=11\"><a href=\"https:\/\/www.facebook.com\/events\/553940247219520\/?ref=newsfeed\" target=\"_blank\" rel=\"noreferrer noopener\"><\/a><\/td><td><img loading=\"lazy\" width=\"216\" height=\"87\" src=\"https:\/\/mail.mouthiers-sur-boeme.fr\/service\/home\/~\/?auth=co&amp;loc=fr_FR&amp;id=63104&amp;part=8\"><a href=\"https:\/\/www.facebook.com\/events\/1772255643539964?ref=newsfeed\" target=\"_blank\" rel=\"noreferrer noopener\"><\/a><\/td><td><img loading=\"lazy\" width=\"216\" height=\"87\" src=\"https:\/\/mail.mouthiers-sur-boeme.fr\/service\/home\/~\/?auth=co&amp;loc=fr_FR&amp;id=63104&amp;part=8\"><a href=\"https:\/\/www.caf.fr\/allocataires\/caf-de-la-charente\/offre-de-service\/vie-personnelle\/je-me-separe\" target=\"_blank\" rel=\"noreferrer noopener\"><\/a><\/td><td><\/td><td>&nbsp;<\/td><\/tr><tr><td>Eh bien s\u00fbr\u2026 Le d\u00e9sormais traditionnel Caf\u00e9 Bulle &#x1f447;<\/td><td>&nbsp;<\/td><td>&nbsp;<\/td><\/tr><tr><td><img loading=\"lazy\" width=\"470\" height=\"265\" src=\"https:\/\/mail.mouthiers-sur-boeme.fr\/service\/home\/~\/?auth=co&amp;loc=fr_FR&amp;id=63104&amp;part=9\"><\/td><td>&nbsp;<\/td><td>&nbsp;<\/td><\/tr><tr><td><img loading=\"lazy\" width=\"216\" height=\"87\" src=\"https:\/\/mail.mouthiers-sur-boeme.fr\/service\/home\/~\/?auth=co&amp;loc=fr_FR&amp;id=63104&amp;part=8\"><a href=\"https:\/\/www.facebook.com\/events\/879698837473780?ref=newsfeed\" target=\"_blank\" rel=\"noreferrer noopener\"><\/a><\/td><td>&nbsp;<\/td><td>&nbsp;<\/td><\/tr><\/tbody><\/table><\/figure>\n\n\n\n<figure class=\"wp-block-image size-large\"><a href=\"https:\/\/www.mouthiers-sur-boeme.fr\/wp-content\/uploads\/2024\/11\/image001.png\"><img loading=\"lazy\" width=\"1024\" height=\"724\" src=\"https:\/\/www.mouthiers-sur-boeme.fr\/wp-content\/uploads\/2024\/11\/image001-1024x724.png\" alt=\"\" class=\"wp-image-11760\" srcset=\"https:\/\/www.mouthiers-sur-boeme.fr\/wp-content\/uploads\/2024\/11\/image001-1024x724.png 1024w, https:\/\/www.mouthiers-sur-boeme.fr\/wp-content\/uploads\/2024\/11\/image001-300x212.png 300w, https:\/\/www.mouthiers-sur-boeme.fr\/wp-content\/uploads\/2024\/11\/image001-768x543.png 768w, https:\/\/www.mouthiers-sur-boeme.fr\/wp-content\/uploads\/2024\/11\/image001-1536x1086.png 1536w, https:\/\/www.mouthiers-sur-boeme.fr\/wp-content\/uploads\/2024\/11\/image001.png 2000w\" sizes=\"(max-width: 1024px) 100vw, 1024px\" \/><\/a><\/figure>\n\n\n\n<p>Pour nous suivre en temps r\u00e9el, connectez-vous sur nos r\u00e9seaux sociaux.<\/p>\n\n\n\n<div class=\"wp-block-image\"><figure class=\"alignleft is-resized\"><img loading=\"lazy\" src=\"https:\/\/mail.mouthiers-sur-boeme.fr\/service\/home\/~\/?auth=co&amp;loc=fr_FR&amp;id=63104&amp;part=6\" alt=\"Une image contenant capture d\u2019\u00e9cran, Graphique, cercle, conception\n\nDescription g\u00e9n\u00e9r\u00e9e automatiquement\" width=\"201\" height=\"201\"\/><\/figure><\/div>\n\n\n\n<div class=\"wp-block-image\"><figure class=\"alignright is-resized\"><img loading=\"lazy\" src=\"https:\/\/mail.mouthiers-sur-boeme.fr\/service\/home\/~\/?auth=co&amp;loc=fr_FR&amp;id=63104&amp;part=7\" alt=\"Une image contenant Graphique, capture d\u2019\u00e9cran, motif, graphisme\n\nDescription g\u00e9n\u00e9r\u00e9e automatiquement\" width=\"184\" height=\"184\"\/><\/figure><\/div>\n\n\n\n<p>&nbsp;&nbsp;&nbsp;&nbsp;&nbsp;&nbsp;&nbsp;&nbsp;&nbsp;&nbsp;&nbsp;&nbsp;&nbsp;&nbsp;&nbsp;&nbsp;&nbsp;&nbsp;&nbsp;&nbsp;&nbsp;&nbsp;&nbsp;&nbsp;&nbsp;&nbsp;&nbsp;&nbsp;&nbsp;&nbsp;&nbsp; <a href=\"https:\/\/www.facebook.com\/Familibulle\" target=\"_blank\" rel=\"noreferrer noopener\"><\/a>&nbsp;&nbsp;&nbsp;&nbsp;&nbsp;&nbsp;&nbsp;&nbsp;&nbsp;&nbsp;&nbsp;&nbsp;&nbsp;&nbsp;&nbsp;<a href=\"https:\/\/www.instagram.com\/famili.bulle\/\" target=\"_blank\" rel=\"noreferrer noopener\"><\/a><\/p>\n\n\n\n<p><strong>Une question&nbsp;! N\u2019h\u00e9sitez pas \u00e0 nous contacter <\/strong><strong>&#x1f449; <a href=\"callto:05 86 55 00 29\">05 86 55 00 29<\/a><\/strong><\/p>\n","protected":false},"excerpt":{"rendered":"<p>Bonjour, Permanences, temps forts\u2026 D\u00e9couvrez toute l\u2019actualit\u00e9 de Famili\u2019Bulle du mois de novembre en cliquant sur les images ci-dessous &nbsp; &nbsp; &nbsp; Eh bien s\u00fbr\u2026 Le d\u00e9sormais traditionnel Caf\u00e9 Bulle &#x1f447; &nbsp; &nbsp; &nbsp; &nbsp; &nbsp; &nbsp; Pour nous suivre en temps r\u00e9el, connectez-vous sur nos r\u00e9seaux sociaux. &nbsp;&nbsp;&nbsp;&nbsp;&nbsp;&nbsp;&nbsp;&nbsp;&nbsp;&nbsp;&nbsp;&nbsp;&nbsp;&nbsp;&nbsp;&nbsp;&nbsp;&nbsp;&nbsp;&nbsp;&nbsp;&nbsp;&nbsp;&nbsp;&nbsp;&nbsp;&nbsp;&nbsp;&nbsp;&nbsp;&nbsp; &nbsp;&nbsp;&nbsp;&nbsp;&nbsp;&nbsp;&nbsp;&nbsp;&nbsp;&nbsp;&nbsp;&nbsp;&nbsp;&nbsp;&nbsp; Une question&nbsp;! N\u2019h\u00e9sitez pas \u00e0 &hellip; <a href=\"https:\/\/www.mouthiers-sur-boeme.fr\/?p=11686\" class=\"more-link\">Continuer la lecture de <span class=\"screen-reader-text\">famili&rsquo;bulle en novembre et d\u00e9cembre<\/span>  <span class=\"meta-nav\">&rarr;<\/span><\/a><\/p>\n","protected":false},"author":22,"featured_media":11764,"comment_status":"open","ping_status":"open","sticky":false,"template":"","format":"standard","meta":[],"categories":[109,104],"tags":[],"_links":{"self":[{"href":"https:\/\/www.mouthiers-sur-boeme.fr\/index.php?rest_route=\/wp\/v2\/posts\/11686"}],"collection":[{"href":"https:\/\/www.mouthiers-sur-boeme.fr\/index.php?rest_route=\/wp\/v2\/posts"}],"about":[{"href":"https:\/\/www.mouthiers-sur-boeme.fr\/index.php?rest_route=\/wp\/v2\/types\/post"}],"author":[{"embeddable":true,"href":"https:\/\/www.mouthiers-sur-boeme.fr\/index.php?rest_route=\/wp\/v2\/users\/22"}],"replies":[{"embeddable":true,"href":"https:\/\/www.mouthiers-sur-boeme.fr\/index.php?rest_route=%2Fwp%2Fv2%2Fcomments&post=11686"}],"version-history":[{"count":4,"href":"https:\/\/www.mouthiers-sur-boeme.fr\/index.php?rest_route=\/wp\/v2\/posts\/11686\/revisions"}],"predecessor-version":[{"id":11763,"href":"https:\/\/www.mouthiers-sur-boeme.fr\/index.php?rest_route=\/wp\/v2\/posts\/11686\/revisions\/11763"}],"wp:featuredmedia":[{"embeddable":true,"href":"https:\/\/www.mouthiers-sur-boeme.fr\/index.php?rest_route=\/wp\/v2\/media\/11764"}],"wp:attachment":[{"href":"https:\/\/www.mouthiers-sur-boeme.fr\/index.php?rest_route=%2Fwp%2Fv2%2Fmedia&parent=11686"}],"wp:term":[{"taxonomy":"category","embeddable":true,"href":"https:\/\/www.mouthiers-sur-boeme.fr\/index.php?rest_route=%2Fwp%2Fv2%2Fcategories&post=11686"},{"taxonomy":"post_tag","embeddable":true,"href":"https:\/\/www.mouthiers-sur-boeme.fr\/index.php?rest_route=%2Fwp%2Fv2%2Ftags&post=11686"}],"curies":[{"name":"wp","href":"https:\/\/api.w.org\/{rel}","templated":true}]}}