{"id":11886,"date":"2025-01-07T14:29:34","date_gmt":"2025-01-07T13:29:34","guid":{"rendered":"https:\/\/www.mouthiers-sur-boeme.fr\/?p=11886"},"modified":"2025-03-05T10:41:43","modified_gmt":"2025-03-05T09:41:43","slug":"5-eme-rencontre-citoyenne","status":"publish","type":"post","link":"https:\/\/www.mouthiers-sur-boeme.fr\/?p=11886","title":{"rendered":"5 \u00e8me rencontre citoyenne"},"content":{"rendered":"\n<p><strong>Le samedi 15 f\u00e9vrier de 9h00 \u00e0 12h00, le Conseil de d\u00e9veloppement de GrandAngoul\u00eame invite l\u2019ensemble des habitants \u00e0 la salle des f\u00eates<\/strong> de La Couronne \u00e0 la 5e <strong>rencontre citoyenne territoriale&nbsp;:<\/strong><\/p>\n\n\n\n<p>Quelle mobilit\u00e9 demain pour toutes et tous ?<\/p>\n\n\n\n<p>Donnez votre avis !<\/p>\n\n\n\n<p>&#x1f538; Objectif&nbsp;: r\u00e9fl\u00e9chir et imaginer ensemble des solutions pour faciliter vos d\u00e9placements au quotidien.<\/p>\n\n\n\n<p>&#x1f538; Au programme :<\/p>\n\n\n\n<p>&#8211;&nbsp;&nbsp;&nbsp;&nbsp;&nbsp;&nbsp;&nbsp;&nbsp;&nbsp; T\u00e9moignages d\u2019usagers et de professionnels de la mobilit\u00e9.<\/p>\n\n\n\n<p>&#8211;&nbsp;&nbsp;&nbsp;&nbsp;&nbsp;&nbsp;&nbsp;&nbsp;&nbsp; Ateliers participatifs pour partager vos id\u00e9es, astuces et solutions concr\u00e8tes.<\/p>\n\n\n\n<p>&#x1f538; Bon \u00e0 savoir : un service de garderie est pr\u00e9vu pour occuper vos enfants pendant que vous participez.<\/p>\n\n\n\n<p>&#x1f538; On compte sur vous !<br>&#x1f449; Plus d\u2019infos et programme complet \u00e0 venir sur : <a href=\"http:\/\/www.codevgrandangouleme.fr\/rct-mobilite\" rel=\"noreferrer noopener\" target=\"_blank\">www.codevgrandangouleme.fr\/rct-mobilite<\/a><\/p>\n\n\n\n<figure class=\"wp-block-image size-large is-resized\"><a href=\"https:\/\/www.mouthiers-sur-boeme.fr\/wp-content\/uploads\/2025\/01\/RENCONTRE-CITOYENNE-AFFICHE-A3-VD-1-scaled.jpg\"><img loading=\"lazy\" src=\"https:\/\/www.mouthiers-sur-boeme.fr\/wp-content\/uploads\/2025\/01\/RENCONTRE-CITOYENNE-AFFICHE-A3-VD-1-724x1024.jpg\" alt=\"\" class=\"wp-image-11887\" width=\"483\" height=\"683\" srcset=\"https:\/\/www.mouthiers-sur-boeme.fr\/wp-content\/uploads\/2025\/01\/RENCONTRE-CITOYENNE-AFFICHE-A3-VD-1-724x1024.jpg 724w, https:\/\/www.mouthiers-sur-boeme.fr\/wp-content\/uploads\/2025\/01\/RENCONTRE-CITOYENNE-AFFICHE-A3-VD-1-212x300.jpg 212w, https:\/\/www.mouthiers-sur-boeme.fr\/wp-content\/uploads\/2025\/01\/RENCONTRE-CITOYENNE-AFFICHE-A3-VD-1-768x1086.jpg 768w, https:\/\/www.mouthiers-sur-boeme.fr\/wp-content\/uploads\/2025\/01\/RENCONTRE-CITOYENNE-AFFICHE-A3-VD-1-1086x1536.jpg 1086w, https:\/\/www.mouthiers-sur-boeme.fr\/wp-content\/uploads\/2025\/01\/RENCONTRE-CITOYENNE-AFFICHE-A3-VD-1-1448x2048.jpg 1448w, https:\/\/www.mouthiers-sur-boeme.fr\/wp-content\/uploads\/2025\/01\/RENCONTRE-CITOYENNE-AFFICHE-A3-VD-1-scaled.jpg 1810w\" sizes=\"(max-width: 483px) 100vw, 483px\" \/><\/a><\/figure>\n","protected":false},"excerpt":{"rendered":"<p>Le samedi 15 f\u00e9vrier de 9h00 \u00e0 12h00, le Conseil de d\u00e9veloppement de GrandAngoul\u00eame invite l\u2019ensemble des habitants \u00e0 la salle des f\u00eates de La Couronne \u00e0 la 5e rencontre citoyenne territoriale&nbsp;: Quelle mobilit\u00e9 demain pour toutes et tous ? Donnez votre avis ! &#x1f538; Objectif&nbsp;: r\u00e9fl\u00e9chir et imaginer ensemble des solutions pour faciliter vos &hellip; <a href=\"https:\/\/www.mouthiers-sur-boeme.fr\/?p=11886\" class=\"more-link\">Continuer la lecture de <span class=\"screen-reader-text\">5 \u00e8me rencontre citoyenne<\/span>  <span class=\"meta-nav\">&rarr;<\/span><\/a><\/p>\n","protected":false},"author":22,"featured_media":11888,"comment_status":"open","ping_status":"open","sticky":false,"template":"","format":"standard","meta":[],"categories":[88],"tags":[],"_links":{"self":[{"href":"https:\/\/www.mouthiers-sur-boeme.fr\/index.php?rest_route=\/wp\/v2\/posts\/11886"}],"collection":[{"href":"https:\/\/www.mouthiers-sur-boeme.fr\/index.php?rest_route=\/wp\/v2\/posts"}],"about":[{"href":"https:\/\/www.mouthiers-sur-boeme.fr\/index.php?rest_route=\/wp\/v2\/types\/post"}],"author":[{"embeddable":true,"href":"https:\/\/www.mouthiers-sur-boeme.fr\/index.php?rest_route=\/wp\/v2\/users\/22"}],"replies":[{"embeddable":true,"href":"https:\/\/www.mouthiers-sur-boeme.fr\/index.php?rest_route=%2Fwp%2Fv2%2Fcomments&post=11886"}],"version-history":[{"count":1,"href":"https:\/\/www.mouthiers-sur-boeme.fr\/index.php?rest_route=\/wp\/v2\/posts\/11886\/revisions"}],"predecessor-version":[{"id":11889,"href":"https:\/\/www.mouthiers-sur-boeme.fr\/index.php?rest_route=\/wp\/v2\/posts\/11886\/revisions\/11889"}],"wp:featuredmedia":[{"embeddable":true,"href":"https:\/\/www.mouthiers-sur-boeme.fr\/index.php?rest_route=\/wp\/v2\/media\/11888"}],"wp:attachment":[{"href":"https:\/\/www.mouthiers-sur-boeme.fr\/index.php?rest_route=%2Fwp%2Fv2%2Fmedia&parent=11886"}],"wp:term":[{"taxonomy":"category","embeddable":true,"href":"https:\/\/www.mouthiers-sur-boeme.fr\/index.php?rest_route=%2Fwp%2Fv2%2Fcategories&post=11886"},{"taxonomy":"post_tag","embeddable":true,"href":"https:\/\/www.mouthiers-sur-boeme.fr\/index.php?rest_route=%2Fwp%2Fv2%2Ftags&post=11886"}],"curies":[{"name":"wp","href":"https:\/\/api.w.org\/{rel}","templated":true}]}}