{"id":11894,"date":"2025-01-15T17:10:09","date_gmt":"2025-01-15T16:10:09","guid":{"rendered":"https:\/\/www.mouthiers-sur-boeme.fr\/?p=11894"},"modified":"2025-03-05T11:05:32","modified_gmt":"2025-03-05T10:05:32","slug":"animations-fevrier-et-mars","status":"publish","type":"post","link":"https:\/\/www.mouthiers-sur-boeme.fr\/?p=11894","title":{"rendered":"aNIMATIONS F\u00c9VRIER ET MARS"},"content":{"rendered":"\n<p>Voici les animations de la m\u00e9diath\u00e8que qui auront lieu en F\u00e9vrier et d\u00e9but Mars.<\/p>\n\n\n\n<p>&#8211; Du 25 F\u00e9vrier au 7 Mars \u00e0 la m\u00e9diath\u00e8que de Mouthiers :<\/p>\n\n\n\n<p class=\"has-medium-font-size\"> Dans le cadre de <strong>Petites Oreilles en Goguette<\/strong> nous recevons \u00e0 la m\u00e9diath\u00e8que l&rsquo;exposition <\/p>\n\n\n\n<p><a rel=\"noreferrer noopener\" href=\"https:\/\/ramadierbourgeau.com\/EXPO-Quelles-emotions\" data-type=\"URL\" data-id=\"https:\/\/ramadierbourgeau.com\/EXPO-Quelles-emotions\" target=\"_blank\"><em>Quelles \u00e9motions !<\/em> de Ramadier &amp; Bourgeau.<\/a><\/p>\n\n\n\n<p><br>Cette exposition est gratuite et visible aux horaires d&rsquo;ouverture de la m\u00e9diath\u00e8que et s&rsquo;adresse aux enfants de 6 mois \u00e0 5 ans.<\/p>\n\n\n\n<p>&#8211; Samedi 8 Mars de 10h \u00e0 18h \u00e0 la m\u00e9diath\u00e8que de Mouthiers : <\/p>\n\n\n\n<p class=\"has-medium-font-size\"><strong>Journ\u00e9e Internationale des Droits des Femmes.<\/strong><\/p>\n\n\n\n<p><br>Pr\u00e9sence de la <a rel=\"noreferrer noopener\" href=\"https:\/\/asso.librairies-nouvelleaquitaine.com\/librairies\/librairie-lilosimages\/\" data-type=\"URL\" data-id=\"https:\/\/asso.librairies-nouvelleaquitaine.com\/librairies\/librairie-lilosimages\/\" target=\"_blank\">librairie Lilosimages<\/a> et de la boutique d&rsquo;illustrations <a rel=\"noreferrer noopener\" href=\"https:\/\/fichtrediantre.fr\/\" data-type=\"URL\" data-id=\"https:\/\/fichtrediantre.fr\/\" target=\"_blank\">Fichtre Diantre.<\/a><\/p>\n\n\n\n<p>Atelier pin&rsquo;s avec <a rel=\"noreferrer noopener\" href=\"https:\/\/lamaculeeconception.com\/\" data-type=\"URL\" data-id=\"https:\/\/lamaculeeconception.com\/\" target=\"_blank\">La Macul\u00e9e Conception<\/a> de 10h \u00e0 12h puis de 14h \u00e0 16h. Atelier gratuit et r\u00e9serv\u00e9 aux adultes.<\/p>\n\n\n\n<p><br>Atelier r\u00e9alisation de \u00ab\u00a0mignonettes\u00a0\u00bb avec<a rel=\"noreferrer noopener\" href=\"https:\/\/www.magelis.org\/createur\/el-rene\/\" data-type=\"URL\" data-id=\"https:\/\/www.magelis.org\/createur\/el-rene\/\" target=\"_blank\"> El Ren\u00e9<\/a>.<\/p>\n\n\n\n<p> Atelier gratuit et r\u00e9serv\u00e9 aux adultes. Inscriptions obligatoires !<\/p>\n\n\n\n<p>\u00c0 bient\u00f4t !<\/p>\n\n\n\n<p>L\u2019\u00c9quipe de la m\u00e9diath\u00e8que<\/p>\n","protected":false},"excerpt":{"rendered":"<p>Voici les animations de la m\u00e9diath\u00e8que qui auront lieu en F\u00e9vrier et d\u00e9but Mars. &#8211; Du 25 F\u00e9vrier au 7 Mars \u00e0 la m\u00e9diath\u00e8que de Mouthiers : Dans le cadre de Petites Oreilles en Goguette nous recevons \u00e0 la m\u00e9diath\u00e8que l&rsquo;exposition Quelles \u00e9motions ! de Ramadier &amp; Bourgeau. Cette exposition est gratuite et visible aux &hellip; <a href=\"https:\/\/www.mouthiers-sur-boeme.fr\/?p=11894\" class=\"more-link\">Continuer la lecture de <span class=\"screen-reader-text\">aNIMATIONS F\u00c9VRIER ET MARS<\/span>  <span class=\"meta-nav\">&rarr;<\/span><\/a><\/p>\n","protected":false},"author":22,"featured_media":8017,"comment_status":"open","ping_status":"open","sticky":false,"template":"","format":"standard","meta":[],"categories":[20],"tags":[],"_links":{"self":[{"href":"https:\/\/www.mouthiers-sur-boeme.fr\/index.php?rest_route=\/wp\/v2\/posts\/11894"}],"collection":[{"href":"https:\/\/www.mouthiers-sur-boeme.fr\/index.php?rest_route=\/wp\/v2\/posts"}],"about":[{"href":"https:\/\/www.mouthiers-sur-boeme.fr\/index.php?rest_route=\/wp\/v2\/types\/post"}],"author":[{"embeddable":true,"href":"https:\/\/www.mouthiers-sur-boeme.fr\/index.php?rest_route=\/wp\/v2\/users\/22"}],"replies":[{"embeddable":true,"href":"https:\/\/www.mouthiers-sur-boeme.fr\/index.php?rest_route=%2Fwp%2Fv2%2Fcomments&post=11894"}],"version-history":[{"count":1,"href":"https:\/\/www.mouthiers-sur-boeme.fr\/index.php?rest_route=\/wp\/v2\/posts\/11894\/revisions"}],"predecessor-version":[{"id":11895,"href":"https:\/\/www.mouthiers-sur-boeme.fr\/index.php?rest_route=\/wp\/v2\/posts\/11894\/revisions\/11895"}],"wp:featuredmedia":[{"embeddable":true,"href":"https:\/\/www.mouthiers-sur-boeme.fr\/index.php?rest_route=\/wp\/v2\/media\/8017"}],"wp:attachment":[{"href":"https:\/\/www.mouthiers-sur-boeme.fr\/index.php?rest_route=%2Fwp%2Fv2%2Fmedia&parent=11894"}],"wp:term":[{"taxonomy":"category","embeddable":true,"href":"https:\/\/www.mouthiers-sur-boeme.fr\/index.php?rest_route=%2Fwp%2Fv2%2Fcategories&post=11894"},{"taxonomy":"post_tag","embeddable":true,"href":"https:\/\/www.mouthiers-sur-boeme.fr\/index.php?rest_route=%2Fwp%2Fv2%2Ftags&post=11894"}],"curies":[{"name":"wp","href":"https:\/\/api.w.org\/{rel}","templated":true}]}}