{"id":11896,"date":"2025-01-16T17:06:40","date_gmt":"2025-01-16T16:06:40","guid":{"rendered":"https:\/\/www.mouthiers-sur-boeme.fr\/?p=11896"},"modified":"2025-01-31T19:30:00","modified_gmt":"2025-01-31T18:30:00","slug":"ma-prime-adapt","status":"publish","type":"post","link":"https:\/\/www.mouthiers-sur-boeme.fr\/?p=11896","title":{"rendered":"Ma Prime Adapt&rsquo;"},"content":{"rendered":"\n<p><strong>MaPrimeAdapt\u2019 : Une aide pour un logement adapt\u00e9 aux besoins des personnes \u00e2g\u00e9es et en situation de handicap<\/strong><\/p>\n\n\n\n<p><br><a rel=\"noreferrer noopener\" href=\"https:\/\/www.service-public.fr\/particuliers\/actualites\/A17052\" target=\"_blank\">MaPrimeAdapt\u2019<\/a>&nbsp;est une aide financi\u00e8re mise en place pour accompagner&nbsp;<strong>les personnes \u00e2g\u00e9es<\/strong>&nbsp;et&nbsp;<strong>les personnes \u00e0 mobilit\u00e9 r\u00e9duite<\/strong> (PMR) dans l\u2019adaptation de leur logement. Elle vise \u00e0 r\u00e9pondre aux besoins sp\u00e9cifiques li\u00e9s \u00e0&nbsp;<strong>la perte d\u2019autonomie<\/strong>&nbsp;ou aux limitations de mobilit\u00e9, en finan\u00e7ant des travaux essentiels pour am\u00e9liorer&nbsp;<strong>la s\u00e9curit\u00e9, l\u2019accessibilit\u00e9 et le confort au quotidien<\/strong>.<br><br>Qu\u2019il s\u2019agisse d<strong>\u2019installer une douche \u00e0 l\u2019italienne, de poser un monte-escalier,&nbsp;<\/strong>ou encore&nbsp;<strong>de s\u00e9curiser les sols pour pr\u00e9venir les chutes<\/strong>, MaPrimeAdapt\u2019 favorise le maintien \u00e0 domicile dans un environnement s\u00fbr et adapt\u00e9. Cette aide est particuli\u00e8rement destin\u00e9e aux personnes percevant des revenus modestes, afin de leur offrir une solution accessible pour vivre chez elles en toute s\u00e9r\u00e9nit\u00e9.<br><br>En rempla\u00e7ant des dispositifs existants comme Habiter Facile,&nbsp;<strong>MaPrimeAdapt\u2019<\/strong>&nbsp;simplifie les d\u00e9marches administratives tout en participant activement \u00e0 l\u2019inclusion et au bien-\u00eatre des plus vuln\u00e9rables. Avec un objectif d\u2019adaptation de 500 000 logements d\u2019ici 2027, ce dispositif t\u00e9moigne de l\u2019engagement du gouvernement \u00e0 am\u00e9liorer durablement la qualit\u00e9 de vie des personnes \u00e2g\u00e9es et en situation de handicap.<\/p>\n\n\n\n<p><img alt=\"image.png\" src=\"https:\/\/mail.mouthiers-sur-boeme.fr\/service\/home\/~\/?auth=co&amp;loc=fr_FR&amp;id=65201&amp;part=2\" style=\"width: 150px;\"><\/p>\n","protected":false},"excerpt":{"rendered":"<p>MaPrimeAdapt\u2019 : Une aide pour un logement adapt\u00e9 aux besoins des personnes \u00e2g\u00e9es et en situation de handicap MaPrimeAdapt\u2019&nbsp;est une aide financi\u00e8re mise en place pour accompagner&nbsp;les personnes \u00e2g\u00e9es&nbsp;et&nbsp;les personnes \u00e0 mobilit\u00e9 r\u00e9duite (PMR) dans l\u2019adaptation de leur logement. Elle vise \u00e0 r\u00e9pondre aux besoins sp\u00e9cifiques li\u00e9s \u00e0&nbsp;la perte d\u2019autonomie&nbsp;ou aux limitations de mobilit\u00e9, en &hellip; <a href=\"https:\/\/www.mouthiers-sur-boeme.fr\/?p=11896\" class=\"more-link\">Continuer la lecture de <span class=\"screen-reader-text\">Ma Prime Adapt&rsquo;<\/span>  <span class=\"meta-nav\">&rarr;<\/span><\/a><\/p>\n","protected":false},"author":22,"featured_media":11898,"comment_status":"open","ping_status":"open","sticky":false,"template":"","format":"standard","meta":[],"categories":[90],"tags":[],"_links":{"self":[{"href":"https:\/\/www.mouthiers-sur-boeme.fr\/index.php?rest_route=\/wp\/v2\/posts\/11896"}],"collection":[{"href":"https:\/\/www.mouthiers-sur-boeme.fr\/index.php?rest_route=\/wp\/v2\/posts"}],"about":[{"href":"https:\/\/www.mouthiers-sur-boeme.fr\/index.php?rest_route=\/wp\/v2\/types\/post"}],"author":[{"embeddable":true,"href":"https:\/\/www.mouthiers-sur-boeme.fr\/index.php?rest_route=\/wp\/v2\/users\/22"}],"replies":[{"embeddable":true,"href":"https:\/\/www.mouthiers-sur-boeme.fr\/index.php?rest_route=%2Fwp%2Fv2%2Fcomments&post=11896"}],"version-history":[{"count":4,"href":"https:\/\/www.mouthiers-sur-boeme.fr\/index.php?rest_route=\/wp\/v2\/posts\/11896\/revisions"}],"predecessor-version":[{"id":11918,"href":"https:\/\/www.mouthiers-sur-boeme.fr\/index.php?rest_route=\/wp\/v2\/posts\/11896\/revisions\/11918"}],"wp:featuredmedia":[{"embeddable":true,"href":"https:\/\/www.mouthiers-sur-boeme.fr\/index.php?rest_route=\/wp\/v2\/media\/11898"}],"wp:attachment":[{"href":"https:\/\/www.mouthiers-sur-boeme.fr\/index.php?rest_route=%2Fwp%2Fv2%2Fmedia&parent=11896"}],"wp:term":[{"taxonomy":"category","embeddable":true,"href":"https:\/\/www.mouthiers-sur-boeme.fr\/index.php?rest_route=%2Fwp%2Fv2%2Fcategories&post=11896"},{"taxonomy":"post_tag","embeddable":true,"href":"https:\/\/www.mouthiers-sur-boeme.fr\/index.php?rest_route=%2Fwp%2Fv2%2Ftags&post=11896"}],"curies":[{"name":"wp","href":"https:\/\/api.w.org\/{rel}","templated":true}]}}