{"id":11929,"date":"2025-02-19T10:11:20","date_gmt":"2025-02-19T09:11:20","guid":{"rendered":"https:\/\/www.mouthiers-sur-boeme.fr\/?p=11929"},"modified":"2025-03-17T09:16:52","modified_gmt":"2025-03-17T08:16:52","slug":"exposition-photos-a-la-mjc","status":"publish","type":"post","link":"https:\/\/www.mouthiers-sur-boeme.fr\/?p=11929","title":{"rendered":"EXPOSITION PHOTOS \u00e0 la MJC"},"content":{"rendered":"\n<p class=\"has-text-align-center has-green-color has-text-color\"><strong>\u00ab\u00a0REFLETS ET LUMI\u00c8RE\u00a0\u00bb<\/strong><\/p>\n\n\n\n<p class=\"has-text-align-center has-green-color has-text-color\">d&rsquo;Odette Fouch\u00e9.<\/p>\n\n\n\n<p class=\"has-text-align-center has-green-color has-text-color\"><strong>Vernissage<\/strong><\/p>\n\n\n\n<p class=\"has-text-align-center has-green-color has-text-color\">VENDREDI 14 MARS 18H30<\/p>\n\n\n\n<p class=\"has-text-align-center has-green-color has-text-color\">\u00e0 la MJC.<\/p>\n\n\n\n<p class=\"has-text-align-center has-green-color has-text-color\"><strong>Promenade photographique <\/strong>GRATUITE<\/p>\n\n\n\n<p class=\"has-text-align-center has-green-color has-text-color\">SAMEDI 15 MARS<\/p>\n\n\n\n<p class=\"has-text-align-center has-green-color has-text-color\">de 10h30 \u00e0 12h.<\/p>\n\n\n\n<div class=\"wp-block-image\"><figure class=\"aligncenter size-large\"><a href=\"https:\/\/www.mouthiers-sur-boeme.fr\/wp-content\/uploads\/2025\/02\/EXPO-odette-FOUCHEmars25.jpg\"><img loading=\"lazy\" width=\"295\" height=\"422\" src=\"https:\/\/www.mouthiers-sur-boeme.fr\/wp-content\/uploads\/2025\/02\/EXPO-odette-FOUCHEmars25.jpg\" alt=\"\" class=\"wp-image-11930\" srcset=\"https:\/\/www.mouthiers-sur-boeme.fr\/wp-content\/uploads\/2025\/02\/EXPO-odette-FOUCHEmars25.jpg 295w, https:\/\/www.mouthiers-sur-boeme.fr\/wp-content\/uploads\/2025\/02\/EXPO-odette-FOUCHEmars25-210x300.jpg 210w\" sizes=\"(max-width: 295px) 100vw, 295px\" \/><\/a><\/figure><\/div>\n\n\n\n<figure class=\"wp-block-image size-large\"><a href=\"https:\/\/www.mouthiers-sur-boeme.fr\/wp-content\/uploads\/2025\/02\/expo-ODETTE-FOUCHE-verso.png\"><img loading=\"lazy\" width=\"783\" height=\"1024\" src=\"https:\/\/www.mouthiers-sur-boeme.fr\/wp-content\/uploads\/2025\/02\/expo-ODETTE-FOUCHE-verso-783x1024.png\" alt=\"\" class=\"wp-image-11931\" srcset=\"https:\/\/www.mouthiers-sur-boeme.fr\/wp-content\/uploads\/2025\/02\/expo-ODETTE-FOUCHE-verso-783x1024.png 783w, https:\/\/www.mouthiers-sur-boeme.fr\/wp-content\/uploads\/2025\/02\/expo-ODETTE-FOUCHE-verso-229x300.png 229w, https:\/\/www.mouthiers-sur-boeme.fr\/wp-content\/uploads\/2025\/02\/expo-ODETTE-FOUCHE-verso-768x1004.png 768w, https:\/\/www.mouthiers-sur-boeme.fr\/wp-content\/uploads\/2025\/02\/expo-ODETTE-FOUCHE-verso-1174x1536.png 1174w, https:\/\/www.mouthiers-sur-boeme.fr\/wp-content\/uploads\/2025\/02\/expo-ODETTE-FOUCHE-verso.png 1270w\" sizes=\"(max-width: 783px) 100vw, 783px\" \/><\/a><\/figure>\n","protected":false},"excerpt":{"rendered":"<p>\u00ab\u00a0REFLETS ET LUMI\u00c8RE\u00a0\u00bb d&rsquo;Odette Fouch\u00e9. Vernissage VENDREDI 14 MARS 18H30 \u00e0 la MJC. Promenade photographique GRATUITE SAMEDI 15 MARS de 10h30 \u00e0 12h.<\/p>\n","protected":false},"author":22,"featured_media":11110,"comment_status":"open","ping_status":"open","sticky":false,"template":"","format":"standard","meta":[],"categories":[71],"tags":[],"_links":{"self":[{"href":"https:\/\/www.mouthiers-sur-boeme.fr\/index.php?rest_route=\/wp\/v2\/posts\/11929"}],"collection":[{"href":"https:\/\/www.mouthiers-sur-boeme.fr\/index.php?rest_route=\/wp\/v2\/posts"}],"about":[{"href":"https:\/\/www.mouthiers-sur-boeme.fr\/index.php?rest_route=\/wp\/v2\/types\/post"}],"author":[{"embeddable":true,"href":"https:\/\/www.mouthiers-sur-boeme.fr\/index.php?rest_route=\/wp\/v2\/users\/22"}],"replies":[{"embeddable":true,"href":"https:\/\/www.mouthiers-sur-boeme.fr\/index.php?rest_route=%2Fwp%2Fv2%2Fcomments&post=11929"}],"version-history":[{"count":1,"href":"https:\/\/www.mouthiers-sur-boeme.fr\/index.php?rest_route=\/wp\/v2\/posts\/11929\/revisions"}],"predecessor-version":[{"id":11932,"href":"https:\/\/www.mouthiers-sur-boeme.fr\/index.php?rest_route=\/wp\/v2\/posts\/11929\/revisions\/11932"}],"wp:featuredmedia":[{"embeddable":true,"href":"https:\/\/www.mouthiers-sur-boeme.fr\/index.php?rest_route=\/wp\/v2\/media\/11110"}],"wp:attachment":[{"href":"https:\/\/www.mouthiers-sur-boeme.fr\/index.php?rest_route=%2Fwp%2Fv2%2Fmedia&parent=11929"}],"wp:term":[{"taxonomy":"category","embeddable":true,"href":"https:\/\/www.mouthiers-sur-boeme.fr\/index.php?rest_route=%2Fwp%2Fv2%2Fcategories&post=11929"},{"taxonomy":"post_tag","embeddable":true,"href":"https:\/\/www.mouthiers-sur-boeme.fr\/index.php?rest_route=%2Fwp%2Fv2%2Ftags&post=11929"}],"curies":[{"name":"wp","href":"https:\/\/api.w.org\/{rel}","templated":true}]}}