{"id":11970,"date":"2025-03-17T09:52:36","date_gmt":"2025-03-17T08:52:36","guid":{"rendered":"https:\/\/www.mouthiers-sur-boeme.fr\/?p=11970"},"modified":"2025-03-17T09:54:36","modified_gmt":"2025-03-17T08:54:36","slug":"reunion-citoyenne","status":"publish","type":"post","link":"https:\/\/www.mouthiers-sur-boeme.fr\/?p=11970","title":{"rendered":"R\u00c9UNION CITOYENNE"},"content":{"rendered":"\n<div class=\"wp-block-image\"><figure class=\"alignright size-large is-resized\"><a href=\"https:\/\/www.mouthiers-sur-boeme.fr\/wp-content\/uploads\/2025\/03\/MOUTHIERS-LOGO-DEFINITIF.jpg\"><img loading=\"lazy\" src=\"https:\/\/www.mouthiers-sur-boeme.fr\/wp-content\/uploads\/2025\/03\/MOUTHIERS-LOGO-DEFINITIF-602x1024.jpg\" alt=\"\" class=\"wp-image-11972\" width=\"158\" height=\"269\" srcset=\"https:\/\/www.mouthiers-sur-boeme.fr\/wp-content\/uploads\/2025\/03\/MOUTHIERS-LOGO-DEFINITIF-602x1024.jpg 602w, https:\/\/www.mouthiers-sur-boeme.fr\/wp-content\/uploads\/2025\/03\/MOUTHIERS-LOGO-DEFINITIF-176x300.jpg 176w, https:\/\/www.mouthiers-sur-boeme.fr\/wp-content\/uploads\/2025\/03\/MOUTHIERS-LOGO-DEFINITIF-768x1307.jpg 768w, https:\/\/www.mouthiers-sur-boeme.fr\/wp-content\/uploads\/2025\/03\/MOUTHIERS-LOGO-DEFINITIF-903x1536.jpg 903w, https:\/\/www.mouthiers-sur-boeme.fr\/wp-content\/uploads\/2025\/03\/MOUTHIERS-LOGO-DEFINITIF.jpg 1174w\" sizes=\"(max-width: 158px) 100vw, 158px\" \/><\/a><\/figure><\/div>\n\n\n\n<figure class=\"wp-block-image size-large is-resized\"><a href=\"https:\/\/www.mouthiers-sur-boeme.fr\/wp-content\/uploads\/2025\/03\/image-Compagnons-du-vegetal-2.png\"><img loading=\"lazy\" src=\"https:\/\/www.mouthiers-sur-boeme.fr\/wp-content\/uploads\/2025\/03\/image-Compagnons-du-vegetal-2.png\" alt=\"\" class=\"wp-image-11971\" width=\"232\" height=\"232\" srcset=\"https:\/\/www.mouthiers-sur-boeme.fr\/wp-content\/uploads\/2025\/03\/image-Compagnons-du-vegetal-2.png 173w, https:\/\/www.mouthiers-sur-boeme.fr\/wp-content\/uploads\/2025\/03\/image-Compagnons-du-vegetal-2-150x150.png 150w\" sizes=\"(max-width: 232px) 100vw, 232px\" \/><\/a><\/figure>\n\n\n\n<p class=\"has-text-align-center\">Bonjour \u00e0 toutes et \u00e0 tous,<\/p>\n\n\n\n<p class=\"has-text-align-center\">Nous avons le plaisir de vous convier \u00e0 une r\u00e9union<\/p>\n\n\n\n<p class=\"has-text-align-center has-green-color has-text-color has-medium-font-size\"><strong>CR\u00c9ATION DE PANNEAUX P\u00c9DAGOGIQUES AUX TOURBI\u00c8RES<\/strong><\/p>\n\n\n\n<p class=\"has-text-align-center\"><strong>(r\u00e9flexion sur le parcours p\u00e9dagogique des tourbi\u00e8res de Mouthiers<\/strong>)<\/p>\n\n\n\n<p class=\"has-text-align-center\">qui se tiendra<\/p>\n\n\n\n<p class=\"has-text-align-center has-green-color has-text-color has-medium-font-size\"><strong>jeudi 27&nbsp;mars 2025<\/strong><\/p>\n\n\n\n<p class=\"has-text-align-center has-green-color has-text-color has-medium-font-size\"><strong>\u00e0 18h \u00e0 la mairie<\/strong><\/p>\n\n\n\n<p>Votre expertise et vos id\u00e9es seront pr\u00e9cieuses pour enrichir cette r\u00e9flexion et aboutir \u00e0 un parcours p\u00e9dagogique impactant et harmonieux.<\/p>\n\n\n\n<p>Au plaisir d\u2019\u00e9changer ensemble sur ce projet !<\/p>\n","protected":false},"excerpt":{"rendered":"<p>Bonjour \u00e0 toutes et \u00e0 tous, Nous avons le plaisir de vous convier \u00e0 une r\u00e9union CR\u00c9ATION DE PANNEAUX P\u00c9DAGOGIQUES AUX TOURBI\u00c8RES (r\u00e9flexion sur le parcours p\u00e9dagogique des tourbi\u00e8res de Mouthiers) qui se tiendra jeudi 27&nbsp;mars 2025 \u00e0 18h \u00e0 la mairie Votre expertise et vos id\u00e9es seront pr\u00e9cieuses pour enrichir cette r\u00e9flexion et aboutir &hellip; <a href=\"https:\/\/www.mouthiers-sur-boeme.fr\/?p=11970\" class=\"more-link\">Continuer la lecture de <span class=\"screen-reader-text\">R\u00c9UNION CITOYENNE<\/span>  <span class=\"meta-nav\">&rarr;<\/span><\/a><\/p>\n","protected":false},"author":22,"featured_media":0,"comment_status":"open","ping_status":"open","sticky":false,"template":"","format":"standard","meta":[],"categories":[11,106],"tags":[],"_links":{"self":[{"href":"https:\/\/www.mouthiers-sur-boeme.fr\/index.php?rest_route=\/wp\/v2\/posts\/11970"}],"collection":[{"href":"https:\/\/www.mouthiers-sur-boeme.fr\/index.php?rest_route=\/wp\/v2\/posts"}],"about":[{"href":"https:\/\/www.mouthiers-sur-boeme.fr\/index.php?rest_route=\/wp\/v2\/types\/post"}],"author":[{"embeddable":true,"href":"https:\/\/www.mouthiers-sur-boeme.fr\/index.php?rest_route=\/wp\/v2\/users\/22"}],"replies":[{"embeddable":true,"href":"https:\/\/www.mouthiers-sur-boeme.fr\/index.php?rest_route=%2Fwp%2Fv2%2Fcomments&post=11970"}],"version-history":[{"count":1,"href":"https:\/\/www.mouthiers-sur-boeme.fr\/index.php?rest_route=\/wp\/v2\/posts\/11970\/revisions"}],"predecessor-version":[{"id":11973,"href":"https:\/\/www.mouthiers-sur-boeme.fr\/index.php?rest_route=\/wp\/v2\/posts\/11970\/revisions\/11973"}],"wp:attachment":[{"href":"https:\/\/www.mouthiers-sur-boeme.fr\/index.php?rest_route=%2Fwp%2Fv2%2Fmedia&parent=11970"}],"wp:term":[{"taxonomy":"category","embeddable":true,"href":"https:\/\/www.mouthiers-sur-boeme.fr\/index.php?rest_route=%2Fwp%2Fv2%2Fcategories&post=11970"},{"taxonomy":"post_tag","embeddable":true,"href":"https:\/\/www.mouthiers-sur-boeme.fr\/index.php?rest_route=%2Fwp%2Fv2%2Ftags&post=11970"}],"curies":[{"name":"wp","href":"https:\/\/api.w.org\/{rel}","templated":true}]}}