{"id":11981,"date":"2025-03-29T09:51:36","date_gmt":"2025-03-29T08:51:36","guid":{"rendered":"https:\/\/www.mouthiers-sur-boeme.fr\/?p=11981"},"modified":"2025-04-15T08:18:13","modified_gmt":"2025-04-15T07:18:13","slug":"lactu-de-familibulle","status":"publish","type":"post","link":"https:\/\/www.mouthiers-sur-boeme.fr\/?p=11981","title":{"rendered":"L&rsquo;ACTU DE FAMILI&rsquo;BULLE"},"content":{"rendered":"\n<figure class=\"wp-block-table\"><table><tbody><tr><td><strong>Mercredi 2 avril &#8211; De&nbsp;15h \u00e0 17h<\/strong><img loading=\"lazy\" width=\"1171\" height=\"659\" src=\"https:\/\/s3-eu-west-1.amazonaws.com\/docs.smartp.com\/335\/D358E38FAvril2025.png\" alt=\"https:\/\/s3-eu-west-1.amazonaws.com\/docs.smartp.com\/335\/D358E38FAvril2025.png\"><br><br>Les \u00ab\u00a0Go\u00fbters signes\u00a0\u00bb sont con\u00e7us pour offrir un espace inclusif et accessible aux familles avec enfants en situation de handicap auditif ainsi qu&rsquo;aux aidants qui souhaitent apprendre la langue des signes ou communiquer avec des personnes sourdes <a rel=\"noreferrer noopener\" href=\"https:\/\/cms.cafinfos.fr\/c\/84343\/335\/338\/22543535\/0\/348851056\" target=\"_blank\">+ d&rsquo;informations<\/a><\/td><\/tr><\/tbody><\/table><\/figure>\n\n\n\n<figure class=\"wp-block-table\"><table><tbody><tr><td><strong>Jeudi 3 avril &#8211; De&nbsp;12h15 \u00e0 13h30<\/strong><img loading=\"lazy\" width=\"1171\" height=\"659\" src=\"https:\/\/s3-eu-west-1.amazonaws.com\/docs.smartp.com\/335\/D39AA442EvenementCafeBulleAvril2025.png\" alt=\"https:\/\/s3-eu-west-1.amazonaws.com\/docs.smartp.com\/335\/D39AA442EvenementCafeBulleAvril2025.png\"><br><br><strong>Le<\/strong> rendez-vous mensuel \u00e0 ne pas rater !<br><br>Un temps d&rsquo;\u00e9changes et de partages pour les parents et les professionnels de la parentalit\u00e9. <a rel=\"noreferrer noopener\" href=\"https:\/\/cms.cafinfos.fr\/c\/84343\/335\/338\/22543535\/0\/348851058\" target=\"_blank\">+ d&rsquo;informations<\/a><\/td><\/tr><\/tbody><\/table><\/figure>\n\n\n\n<figure class=\"wp-block-table\"><table><tbody><tr><td><strong>Samedi 12 avril &#8211; De&nbsp;9h30 \u00e0 14h<\/strong><img loading=\"lazy\" width=\"1171\" height=\"659\" src=\"https:\/\/s3-eu-west-1.amazonaws.com\/docs.smartp.com\/335\/D4C4ACEENousyserons.png\" alt=\"https:\/\/s3-eu-west-1.amazonaws.com\/docs.smartp.com\/335\/D4C4ACEENousyserons.png\"><br><br>Famili&rsquo;Bulle sera pr\u00e9sent \u00e0 l&rsquo;occasion de cette journ\u00e9e d&rsquo;informations et d&rsquo;activit\u00e9s pour les parents et les enfants propos\u00e9e par le centre social \u00ab\u00a0Efferverscentre\u00a0\u00bb.<br>Inscriptions et renseignements : <a href=\"callto:05.45.67.84.38\">05.45.67.84.38<\/a> | contact@effervescentre.fr <a rel=\"noreferrer noopener\" href=\"https:\/\/cms.cafinfos.fr\/c\/84343\/335\/338\/22543535\/0\/348851065\" target=\"_blank\">+ d&rsquo;informations<\/a><\/td><\/tr><\/tbody><\/table><\/figure>\n\n\n\n<figure class=\"wp-block-table\"><table><tbody><tr><td><strong>Mardi 15 avril &#8211; De&nbsp;9h30 \u00e0 11h<\/strong><img loading=\"lazy\" width=\"1171\" height=\"659\" src=\"https:\/\/s3-eu-west-1.amazonaws.com\/docs.smartp.com\/335\/D467B482RSDEVPSYCHOMOTEUR.png\" alt=\"https:\/\/s3-eu-west-1.amazonaws.com\/docs.smartp.com\/335\/D467B482RSDEVPSYCHOMOTEUR.png\"><br><br>Cet atelier vous invite \u00e0 explorer les \u00e9tapes cl\u00e9s du d\u00e9veloppement psychomoteur de b\u00e9b\u00e9 tout en offrant aux jeunes mamans la reprise en douceur d&rsquo;une activit\u00e9 physique adapt\u00e9e apr\u00e8s l&rsquo;accouchement.<br><em>*Cliquer sur l&rsquo;affiche pour la t\u00e9l\u00e9charger<\/em> <a rel=\"noreferrer noopener\" href=\"https:\/\/cms.cafinfos.fr\/c\/84343\/335\/338\/22543535\/0\/348851062\" target=\"_blank\">+ d&rsquo;informations<\/a><\/td><\/tr><\/tbody><\/table><\/figure>\n\n\n\n<figure class=\"wp-block-table\"><table><tbody><tr><td><strong>Vendredi 25 avril &#8211; De&nbsp;9h30 \u00e0 17h<\/strong><img loading=\"lazy\" width=\"1171\" height=\"659\" src=\"https:\/\/s3-eu-west-1.amazonaws.com\/docs.smartp.com\/335\/FE20AABALudothequeitinranteRivesdeCharente.png\" alt=\"https:\/\/s3-eu-west-1.amazonaws.com\/docs.smartp.com\/335\/FE20AABALudothequeitinranteRivesdeCharente.png\"><br><br>La ludoth\u00e8que itin\u00e9rante du CSCS-MJC Rives de Charente d\u00e9localise ses activit\u00e9s le temps d&rsquo;une journ\u00e9e \u00e0 Famili&rsquo;Bulle pour le plaisir des grands et des petits. Au programme : jeux de soci\u00e9t\u00e9, jouets, espace de motricit\u00e9 ainsi qu&rsquo;un spectacle de<strong> Kamishibai<\/strong> \u00e0 <strong>10h30.<\/strong><br>Renseignements : <a href=\"callto:06.26.25.58.37\">06.26.25.58.37<\/a> <a rel=\"noreferrer noopener\" href=\"https:\/\/cms.cafinfos.fr\/c\/84343\/335\/338\/22543535\/0\/348851067\" target=\"_blank\">+ d&rsquo;informations<\/a><\/td><\/tr><\/tbody><\/table><\/figure>\n\n\n\n<div class=\"wp-block-image\"><figure class=\"aligncenter\"><img src=\"https:\/\/s3-eu-west-1.amazonaws.com\/docs.smartp.com\/335\/D5FCACECFermeturevacances.png\" alt=\"https:\/\/s3-eu-west-1.amazonaws.com\/docs.smartp.com\/335\/D5FCACECFermeturevacances.png\"\/><\/figure><\/div>\n","protected":false},"excerpt":{"rendered":"<p>Mercredi 2 avril &#8211; De&nbsp;15h \u00e0 17h Les \u00ab\u00a0Go\u00fbters signes\u00a0\u00bb sont con\u00e7us pour offrir un espace inclusif et accessible aux familles avec enfants en situation de handicap auditif ainsi qu&rsquo;aux aidants qui souhaitent apprendre la langue des signes ou communiquer avec des personnes sourdes + d&rsquo;informations Jeudi 3 avril &#8211; De&nbsp;12h15 \u00e0 13h30 Le rendez-vous &hellip; <a href=\"https:\/\/www.mouthiers-sur-boeme.fr\/?p=11981\" class=\"more-link\">Continuer la lecture de <span class=\"screen-reader-text\">L&rsquo;ACTU DE FAMILI&rsquo;BULLE<\/span>  <span class=\"meta-nav\">&rarr;<\/span><\/a><\/p>\n","protected":false},"author":22,"featured_media":11982,"comment_status":"open","ping_status":"open","sticky":false,"template":"","format":"standard","meta":[],"categories":[109],"tags":[],"_links":{"self":[{"href":"https:\/\/www.mouthiers-sur-boeme.fr\/index.php?rest_route=\/wp\/v2\/posts\/11981"}],"collection":[{"href":"https:\/\/www.mouthiers-sur-boeme.fr\/index.php?rest_route=\/wp\/v2\/posts"}],"about":[{"href":"https:\/\/www.mouthiers-sur-boeme.fr\/index.php?rest_route=\/wp\/v2\/types\/post"}],"author":[{"embeddable":true,"href":"https:\/\/www.mouthiers-sur-boeme.fr\/index.php?rest_route=\/wp\/v2\/users\/22"}],"replies":[{"embeddable":true,"href":"https:\/\/www.mouthiers-sur-boeme.fr\/index.php?rest_route=%2Fwp%2Fv2%2Fcomments&post=11981"}],"version-history":[{"count":4,"href":"https:\/\/www.mouthiers-sur-boeme.fr\/index.php?rest_route=\/wp\/v2\/posts\/11981\/revisions"}],"predecessor-version":[{"id":12019,"href":"https:\/\/www.mouthiers-sur-boeme.fr\/index.php?rest_route=\/wp\/v2\/posts\/11981\/revisions\/12019"}],"wp:featuredmedia":[{"embeddable":true,"href":"https:\/\/www.mouthiers-sur-boeme.fr\/index.php?rest_route=\/wp\/v2\/media\/11982"}],"wp:attachment":[{"href":"https:\/\/www.mouthiers-sur-boeme.fr\/index.php?rest_route=%2Fwp%2Fv2%2Fmedia&parent=11981"}],"wp:term":[{"taxonomy":"category","embeddable":true,"href":"https:\/\/www.mouthiers-sur-boeme.fr\/index.php?rest_route=%2Fwp%2Fv2%2Fcategories&post=11981"},{"taxonomy":"post_tag","embeddable":true,"href":"https:\/\/www.mouthiers-sur-boeme.fr\/index.php?rest_route=%2Fwp%2Fv2%2Ftags&post=11981"}],"curies":[{"name":"wp","href":"https:\/\/api.w.org\/{rel}","templated":true}]}}