{"id":11993,"date":"2025-04-04T09:15:07","date_gmt":"2025-04-04T08:15:07","guid":{"rendered":"https:\/\/www.mouthiers-sur-boeme.fr\/?p=11993"},"modified":"2025-05-15T08:53:09","modified_gmt":"2025-05-15T07:53:09","slug":"trail-de-la-boeme-edition-2025","status":"publish","type":"post","link":"https:\/\/www.mouthiers-sur-boeme.fr\/?p=11993","title":{"rendered":"TRAIL DE LA BO\u00cbME, \u00c9DITION 2025"},"content":{"rendered":"\n<div class=\"wp-block-image\"><figure class=\"aligncenter size-large is-resized\"><a href=\"https:\/\/www.mouthiers-sur-boeme.fr\/wp-content\/uploads\/2025\/04\/TRAIL-2025.jpeg\"><img loading=\"lazy\" src=\"https:\/\/www.mouthiers-sur-boeme.fr\/wp-content\/uploads\/2025\/04\/TRAIL-2025.jpeg\" alt=\"\" class=\"wp-image-11994\" width=\"506\" height=\"717\" srcset=\"https:\/\/www.mouthiers-sur-boeme.fr\/wp-content\/uploads\/2025\/04\/TRAIL-2025.jpeg 420w, https:\/\/www.mouthiers-sur-boeme.fr\/wp-content\/uploads\/2025\/04\/TRAIL-2025-212x300.jpeg 212w\" sizes=\"(max-width: 506px) 100vw, 506px\" \/><\/a><\/figure><\/div>\n\n\n\n<p class=\"has-text-align-center\">Le Trail de la Bo\u00ebme est organis\u00e9 par l&rsquo;association sportive des<\/p>\n\n\n\n<p class=\"has-text-align-center has-text-color\" style=\"color:#00a1a3;font-size:25px\"> <strong>\u00ab\u00a0Rapid&rsquo;s de la Bo\u00ebme\u00a0\u00bb<\/strong><\/p>\n\n\n\n<p class=\"has-text-align-center has-text-color\" style=\"color:#00a1a3;font-size:25px\"><strong> samedi 26 avril 2025 apr\u00e8s-midi<\/strong> <\/p>\n\n\n\n<p><strong>3 circuits Trail <\/strong>10 km, 15 km et 24 km<\/p>\n\n\n\n<p><strong>2 randonn\u00e9es<\/strong> 8 km et 12 km  propos\u00e9es par l&rsquo;association<\/p>\n\n\n\n<p class=\"has-text-align-center has-text-color\" style=\"color:#e10878;font-size:24px\"> <strong>\u201cSentiers de Bo\u00ebme\u201d<\/strong><\/p>\n","protected":false},"excerpt":{"rendered":"<p>Le Trail de la Bo\u00ebme est organis\u00e9 par l&rsquo;association sportive des \u00ab\u00a0Rapid&rsquo;s de la Bo\u00ebme\u00a0\u00bb samedi 26 avril 2025 apr\u00e8s-midi 3 circuits Trail 10 km, 15 km et 24 km 2 randonn\u00e9es 8 km et 12 km propos\u00e9es par l&rsquo;association \u201cSentiers de Bo\u00ebme\u201d<\/p>\n","protected":false},"author":22,"featured_media":11998,"comment_status":"open","ping_status":"open","sticky":false,"template":"","format":"standard","meta":[],"categories":[7],"tags":[],"_links":{"self":[{"href":"https:\/\/www.mouthiers-sur-boeme.fr\/index.php?rest_route=\/wp\/v2\/posts\/11993"}],"collection":[{"href":"https:\/\/www.mouthiers-sur-boeme.fr\/index.php?rest_route=\/wp\/v2\/posts"}],"about":[{"href":"https:\/\/www.mouthiers-sur-boeme.fr\/index.php?rest_route=\/wp\/v2\/types\/post"}],"author":[{"embeddable":true,"href":"https:\/\/www.mouthiers-sur-boeme.fr\/index.php?rest_route=\/wp\/v2\/users\/22"}],"replies":[{"embeddable":true,"href":"https:\/\/www.mouthiers-sur-boeme.fr\/index.php?rest_route=%2Fwp%2Fv2%2Fcomments&post=11993"}],"version-history":[{"count":2,"href":"https:\/\/www.mouthiers-sur-boeme.fr\/index.php?rest_route=\/wp\/v2\/posts\/11993\/revisions"}],"predecessor-version":[{"id":11997,"href":"https:\/\/www.mouthiers-sur-boeme.fr\/index.php?rest_route=\/wp\/v2\/posts\/11993\/revisions\/11997"}],"wp:featuredmedia":[{"embeddable":true,"href":"https:\/\/www.mouthiers-sur-boeme.fr\/index.php?rest_route=\/wp\/v2\/media\/11998"}],"wp:attachment":[{"href":"https:\/\/www.mouthiers-sur-boeme.fr\/index.php?rest_route=%2Fwp%2Fv2%2Fmedia&parent=11993"}],"wp:term":[{"taxonomy":"category","embeddable":true,"href":"https:\/\/www.mouthiers-sur-boeme.fr\/index.php?rest_route=%2Fwp%2Fv2%2Fcategories&post=11993"},{"taxonomy":"post_tag","embeddable":true,"href":"https:\/\/www.mouthiers-sur-boeme.fr\/index.php?rest_route=%2Fwp%2Fv2%2Ftags&post=11993"}],"curies":[{"name":"wp","href":"https:\/\/api.w.org\/{rel}","templated":true}]}}