{"id":12009,"date":"2025-04-13T18:58:09","date_gmt":"2025-04-13T17:58:09","guid":{"rendered":"https:\/\/www.mouthiers-sur-boeme.fr\/?p=12009"},"modified":"2025-06-04T09:20:07","modified_gmt":"2025-06-04T08:20:07","slug":"soiree-musicale","status":"publish","type":"post","link":"https:\/\/www.mouthiers-sur-boeme.fr\/?p=12009","title":{"rendered":"SOIR\u00c9E MUSICALE, bal et karaok\u00e9"},"content":{"rendered":"\n<p class=\"has-text-align-center has-text-color has-medium-font-size\" style=\"color:#1490e3\"><strong>FESTIVE ET SOLIDAIRE<\/strong><\/p>\n\n\n\n<p class=\"has-text-align-center has-medium-font-size\">\u00e0 partir de 21h00<\/p>\n\n\n\n<p class=\"has-text-align-center has-medium-font-size\"> salle G.Ploquin<\/p>\n\n\n\n<p class=\"has-text-align-center has-medium-font-size\"> \u00e0 Mouthiers sur bo\u00ebme.<\/p>\n\n\n\n<p class=\"has-text-align-center\"><a href=\"https:\/\/www.google.com\/maps\/dir\/\/Av.+du+24+Ao%C3%BBt+1944,+16440+Mouthiers-sur-Bo%C3%ABme\/@45.5580053,0.0425944,12z\/data=!4m8!4m7!1m0!1m5!1m1!1s0x47ffd31893ceb4c1:0xeb595f525cd6d9e1!2m2!1d0.124995!2d45.5580349?entry=ttu&amp;g_ep=EgoyMDI1MDQwOS4wIKXMDSoJLDEwMjExNjQwSAFQAw%3D%3D\" data-type=\"URL\" data-id=\"https:\/\/www.google.com\/maps\/dir\/\/Av.+du+24+Ao%C3%BBt+1944,+16440+Mouthiers-sur-Bo%C3%ABme\/@45.5580053,0.0425944,12z\/data=!4m8!4m7!1m0!1m5!1m1!1s0x47ffd31893ceb4c1:0xeb595f525cd6d9e1!2m2!1d0.124995!2d45.5580349?entry=ttu&amp;g_ep=EgoyMDI1MDQwOS4wIKXMDSoJLDEwMjExNjQwSAFQAw%3D%3D\" target=\"_blank\" rel=\"noreferrer noopener\">Y aller<\/a><\/p>\n\n\n\n<div class=\"wp-block-image\"><figure class=\"aligncenter size-large\"><a href=\"https:\/\/www.mouthiers-sur-boeme.fr\/wp-content\/uploads\/2025\/04\/Soiree-musicale-Secours-populairev2.jpg\"><img loading=\"lazy\" width=\"596\" height=\"843\" src=\"https:\/\/www.mouthiers-sur-boeme.fr\/wp-content\/uploads\/2025\/04\/Soiree-musicale-Secours-populairev2.jpg\" alt=\"\" class=\"wp-image-12010\" srcset=\"https:\/\/www.mouthiers-sur-boeme.fr\/wp-content\/uploads\/2025\/04\/Soiree-musicale-Secours-populairev2.jpg 596w, https:\/\/www.mouthiers-sur-boeme.fr\/wp-content\/uploads\/2025\/04\/Soiree-musicale-Secours-populairev2-212x300.jpg 212w\" sizes=\"(max-width: 596px) 100vw, 596px\" \/><\/a><\/figure><\/div>\n","protected":false},"excerpt":{"rendered":"<p>FESTIVE ET SOLIDAIRE \u00e0 partir de 21h00 salle G.Ploquin \u00e0 Mouthiers sur bo\u00ebme. Y aller<\/p>\n","protected":false},"author":22,"featured_media":10001,"comment_status":"open","ping_status":"open","sticky":false,"template":"","format":"standard","meta":[],"categories":[10,74,14],"tags":[],"_links":{"self":[{"href":"https:\/\/www.mouthiers-sur-boeme.fr\/index.php?rest_route=\/wp\/v2\/posts\/12009"}],"collection":[{"href":"https:\/\/www.mouthiers-sur-boeme.fr\/index.php?rest_route=\/wp\/v2\/posts"}],"about":[{"href":"https:\/\/www.mouthiers-sur-boeme.fr\/index.php?rest_route=\/wp\/v2\/types\/post"}],"author":[{"embeddable":true,"href":"https:\/\/www.mouthiers-sur-boeme.fr\/index.php?rest_route=\/wp\/v2\/users\/22"}],"replies":[{"embeddable":true,"href":"https:\/\/www.mouthiers-sur-boeme.fr\/index.php?rest_route=%2Fwp%2Fv2%2Fcomments&post=12009"}],"version-history":[{"count":2,"href":"https:\/\/www.mouthiers-sur-boeme.fr\/index.php?rest_route=\/wp\/v2\/posts\/12009\/revisions"}],"predecessor-version":[{"id":12013,"href":"https:\/\/www.mouthiers-sur-boeme.fr\/index.php?rest_route=\/wp\/v2\/posts\/12009\/revisions\/12013"}],"wp:featuredmedia":[{"embeddable":true,"href":"https:\/\/www.mouthiers-sur-boeme.fr\/index.php?rest_route=\/wp\/v2\/media\/10001"}],"wp:attachment":[{"href":"https:\/\/www.mouthiers-sur-boeme.fr\/index.php?rest_route=%2Fwp%2Fv2%2Fmedia&parent=12009"}],"wp:term":[{"taxonomy":"category","embeddable":true,"href":"https:\/\/www.mouthiers-sur-boeme.fr\/index.php?rest_route=%2Fwp%2Fv2%2Fcategories&post=12009"},{"taxonomy":"post_tag","embeddable":true,"href":"https:\/\/www.mouthiers-sur-boeme.fr\/index.php?rest_route=%2Fwp%2Fv2%2Ftags&post=12009"}],"curies":[{"name":"wp","href":"https:\/\/api.w.org\/{rel}","templated":true}]}}