{"id":12014,"date":"2025-04-15T08:17:17","date_gmt":"2025-04-15T07:17:17","guid":{"rendered":"https:\/\/www.mouthiers-sur-boeme.fr\/?p=12014"},"modified":"2025-05-05T15:53:02","modified_gmt":"2025-05-05T14:53:02","slug":"la-mediatheque-au-mois-de-mai","status":"publish","type":"post","link":"https:\/\/www.mouthiers-sur-boeme.fr\/?p=12014","title":{"rendered":"La m\u00e9diath\u00e8que au mois de mai"},"content":{"rendered":"\n<p>Bonjour \u00e0 tous,<\/p>\n\n\n\n<p>Voici les animations du mois de Mai \u00e0 la m\u00e9diath\u00e8que de Mouthiers :<\/p>\n\n\n\n<p>&#8211; Du 9 au 23 Mai \u00e0 la m\u00e9diath\u00e8que de Mouthiers :<\/p>\n\n\n\n<p class=\"has-text-align-center has-green-color has-text-color\" style=\"font-size:30px\">HORS DU TEMPS<\/p>\n\n\n\n<div class=\"wp-block-image\"><figure class=\"aligncenter size-large is-resized\"><a href=\"https:\/\/www.mouthiers-sur-boeme.fr\/wp-content\/uploads\/2025\/04\/Jean-Luc-Cibard-scaled.jpg\"><img loading=\"lazy\" src=\"https:\/\/www.mouthiers-sur-boeme.fr\/wp-content\/uploads\/2025\/04\/Jean-Luc-Cibard-768x1024.jpg\" alt=\"\" class=\"wp-image-12015\" width=\"363\" height=\"484\" srcset=\"https:\/\/www.mouthiers-sur-boeme.fr\/wp-content\/uploads\/2025\/04\/Jean-Luc-Cibard-768x1024.jpg 768w, https:\/\/www.mouthiers-sur-boeme.fr\/wp-content\/uploads\/2025\/04\/Jean-Luc-Cibard-225x300.jpg 225w, https:\/\/www.mouthiers-sur-boeme.fr\/wp-content\/uploads\/2025\/04\/Jean-Luc-Cibard-1152x1536.jpg 1152w, https:\/\/www.mouthiers-sur-boeme.fr\/wp-content\/uploads\/2025\/04\/Jean-Luc-Cibard-1536x2048.jpg 1536w, https:\/\/www.mouthiers-sur-boeme.fr\/wp-content\/uploads\/2025\/04\/Jean-Luc-Cibard-scaled.jpg 1920w\" sizes=\"(max-width: 363px) 100vw, 363px\" \/><\/a><figcaption><br>L\u2019art permet l\u2019expression sous toutes ses facettes d\u2019un \u00ab sentiment \u00bb, parfois joyeux, triste, col\u00e9rique, passionn\u00e9, \u00e9tonn\u00e9, frustr\u00e9, combl\u00e9, \u00e9mu, voir choqu\u00e9.<br>En d\u00e9couvrant sa passion l\u2019artiste, s\u2019est baign\u00e9, voir immerg\u00e9 dans l\u2019art et depuis il navigue selon les courants entre l\u2019expressionniste et l\u2019abstrait non objectif ou non repr\u00e9sentatif dans lequel la repr\u00e9sentation de choses du monde visible joue peu de r\u00f4le.<br>Le but est d\u2019\u00e9voquer du sentiment et des \u00e9motions chez le public face au tableau.<br>Il recherche, l\u2019harmonie du monde. En effet \u00ab si la nature est parfaite, la copier c\u2019est inutile \u00bb<br>Ces \u0153uvres ne doivent pas \u00eatre analys\u00e9es, mais ressenties par celui qui les regarde.<\/figcaption><\/figure><\/div>\n\n\n\n<div class=\"wp-block-image\"><figure class=\"aligncenter size-large is-resized\"><a href=\"https:\/\/www.mouthiers-sur-boeme.fr\/wp-content\/uploads\/2025\/04\/Programme-Mai-Juin.jpg\"><img loading=\"lazy\" src=\"https:\/\/www.mouthiers-sur-boeme.fr\/wp-content\/uploads\/2025\/04\/Programme-Mai-Juin.jpg\" alt=\"\" class=\"wp-image-12017\" width=\"276\" height=\"595\" srcset=\"https:\/\/www.mouthiers-sur-boeme.fr\/wp-content\/uploads\/2025\/04\/Programme-Mai-Juin.jpg 276w, https:\/\/www.mouthiers-sur-boeme.fr\/wp-content\/uploads\/2025\/04\/Programme-Mai-Juin-139x300.jpg 139w\" sizes=\"(max-width: 276px) 100vw, 276px\" \/><\/a><\/figure><\/div>\n\n\n\n<p><em>Merci \u00e0 vous tous et \u00e0 bient\u00f4t !<\/em>                                 <em>L\u2019\u00c9quipe de la m\u00e9diath\u00e8que<\/em>.<\/p>\n","protected":false},"excerpt":{"rendered":"<p>Bonjour \u00e0 tous, Voici les animations du mois de Mai \u00e0 la m\u00e9diath\u00e8que de Mouthiers : &#8211; Du 9 au 23 Mai \u00e0 la m\u00e9diath\u00e8que de Mouthiers : HORS DU TEMPS Merci \u00e0 vous tous et \u00e0 bient\u00f4t ! L\u2019\u00c9quipe de la m\u00e9diath\u00e8que.<\/p>\n","protected":false},"author":22,"featured_media":8017,"comment_status":"open","ping_status":"open","sticky":false,"template":"","format":"standard","meta":[],"categories":[20],"tags":[],"_links":{"self":[{"href":"https:\/\/www.mouthiers-sur-boeme.fr\/index.php?rest_route=\/wp\/v2\/posts\/12014"}],"collection":[{"href":"https:\/\/www.mouthiers-sur-boeme.fr\/index.php?rest_route=\/wp\/v2\/posts"}],"about":[{"href":"https:\/\/www.mouthiers-sur-boeme.fr\/index.php?rest_route=\/wp\/v2\/types\/post"}],"author":[{"embeddable":true,"href":"https:\/\/www.mouthiers-sur-boeme.fr\/index.php?rest_route=\/wp\/v2\/users\/22"}],"replies":[{"embeddable":true,"href":"https:\/\/www.mouthiers-sur-boeme.fr\/index.php?rest_route=%2Fwp%2Fv2%2Fcomments&post=12014"}],"version-history":[{"count":1,"href":"https:\/\/www.mouthiers-sur-boeme.fr\/index.php?rest_route=\/wp\/v2\/posts\/12014\/revisions"}],"predecessor-version":[{"id":12018,"href":"https:\/\/www.mouthiers-sur-boeme.fr\/index.php?rest_route=\/wp\/v2\/posts\/12014\/revisions\/12018"}],"wp:featuredmedia":[{"embeddable":true,"href":"https:\/\/www.mouthiers-sur-boeme.fr\/index.php?rest_route=\/wp\/v2\/media\/8017"}],"wp:attachment":[{"href":"https:\/\/www.mouthiers-sur-boeme.fr\/index.php?rest_route=%2Fwp%2Fv2%2Fmedia&parent=12014"}],"wp:term":[{"taxonomy":"category","embeddable":true,"href":"https:\/\/www.mouthiers-sur-boeme.fr\/index.php?rest_route=%2Fwp%2Fv2%2Fcategories&post=12014"},{"taxonomy":"post_tag","embeddable":true,"href":"https:\/\/www.mouthiers-sur-boeme.fr\/index.php?rest_route=%2Fwp%2Fv2%2Ftags&post=12014"}],"curies":[{"name":"wp","href":"https:\/\/api.w.org\/{rel}","templated":true}]}}