{"id":12034,"date":"2025-05-05T15:52:48","date_gmt":"2025-05-05T14:52:48","guid":{"rendered":"https:\/\/www.mouthiers-sur-boeme.fr\/?p=12034"},"modified":"2025-06-13T16:45:09","modified_gmt":"2025-06-13T15:45:09","slug":"votre-cinema-en-mai-et-juin","status":"publish","type":"post","link":"https:\/\/www.mouthiers-sur-boeme.fr\/?p=12034","title":{"rendered":"CHANGEMENT DE PROGRAMMATION"},"content":{"rendered":"\n<p class=\"has-text-color\" style=\"color:#eb0303;font-size:27px\"><strong>REPORT\u00c9 AU JEUDI 22 MAI<\/strong><\/p>\n\n\n\n<h1>La Cache<\/h1>\n\n\n\n<p>De <strong>Lionel Baier<\/strong><br>Avec <strong>Dominique Reymond, Michel Blanc, William Lebghil<\/strong><br>Genre <strong>Com\u00e9die<\/strong><br>Nationalit\u00e9 <strong>Suisse, Luxembourg, France<\/strong><br>Dur\u00e9e <strong>1h 30<\/strong><\/p>\n\n\n\n<p>Tout public<\/p>\n\n\n\n<p>Christophe, 9 ans, vit les \u00e9v\u00e9nements de mai 68, planqu\u00e9 chez ses grands-parents, dans l\u2019appartement familial \u00e0 Paris, entour\u00e9 de ses oncles et de son arri\u00e8re-grand-m\u00e8re. Tous bivouaquent autour d\u2019une myst\u00e9rieuse cache, qui r\u00e9v\u00e8lera peu \u00e0 peu ses secrets\u2026 <\/p>\n\n\n\n<p class=\"has-black-color has-text-color\"><strong>jeudi 8 mai<\/strong> \u00e0&nbsp;20h30 ANNUL\u00c9<\/p>\n\n\n\n<p><a href=\"https:\/\/www.crcatb.fr\/films-cinema-charente-crcatb\/article\/la-cache\" data-type=\"URL\" data-id=\"https:\/\/www.crcatb.fr\/films-cinema-charente-crcatb\/article\/la-cache\" target=\"_blank\" rel=\"noreferrer noopener\">BANDE ANNONCE<\/a><\/p>\n\n\n\n<div class=\"wp-block-image\"><figure class=\"aligncenter\"><img src=\"https:\/\/www.crcatb.fr\/local\/cache-vignettes\/L290xH387\/la_cache-3e3a6.jpg?1741100331\" alt=\"image La Cache\"\/><\/figure><\/div>\n\n\n\n<p><\/p>\n\n\n\n<h1>Vermiglio ou La Mari\u00e9e des Montagnes<\/h1>\n\n\n\n<p class=\"has-text-color has-large-font-size\" style=\"color:#e01616\"><strong>Ce film, sous-titr\u00e9, sera remplac\u00e9 par \u00ab\u00a0La r\u00e9paration\u00a0\u00bb.<\/strong><\/p>\n\n\n\n<p class=\"has-text-align-center has-text-color has-medium-font-size\" style=\"color:#d90c0c\"><strong>Voir ci-dessous<\/strong><\/p>\n\n\n\n<p><s>De <strong>Maura Delpero<\/strong><br>Avec <strong>Tommaso Ragno, Giuseppe De Domenico, Roberta Rovelli<\/strong><br>Genre <strong>Drame<\/strong><br>Nationalit\u00e9 <strong>Italie, France, Belgique<\/strong><br>Dur\u00e9e <strong>1h 59<\/strong><\/s><\/p>\n\n\n\n<hr class=\"wp-block-separator\"\/>\n\n\n\n<p><s>Au c\u0153ur de l\u2019hiver 1944. Dans un petit village de montagne du Trentin, au nord de l\u2019Italie, la guerre est \u00e0 la fois lointaine et omnipr\u00e9sente. Lorsqu\u2019un jeune soldat arrive, cherchant refuge, la dynamique de la famille de l\u2019instituteur local est chang\u00e9e \u00e0 jamais. Le jeune homme et la fille a\u00een\u00e9e tombent amoureux, ce qui m\u00e8ne au mariage et \u00e0 un destin inattendu\u2026<\/s><\/p>\n\n\n\n<p id=\"block-49cfbae4-8203-42ff-a338-55029223e645\"><strong>jeudi 12 juin<\/strong> \u00e0&nbsp;20h30<\/p>\n\n\n\n<h1>La R\u00e9paration<\/h1>\n\n\n\n<p>De <strong>R\u00e9gis Wargnier<\/strong><br>Par <strong>R\u00e9gis Wargnier, Manon Feuvray<\/strong><br>Avec <strong>Julia de Nunez, Clovis Cornillac, Julien De Saint-Jean<\/strong><br>Genre <strong>Drame<\/strong><br>Dur\u00e9e <strong>1h 44min<\/strong><\/p>\n\n\n\n<hr class=\"wp-block-separator\"\/>\n\n\n\n<p>Quelques heures avant l\u2019attribution de sa 3\u00e8me \u00e9toile, le c\u00e9l\u00e8bre chef Paskal Jankovski disparait avec son second lors d\u2019une partie de chasse. A 20 ans, sa fille Clara se retrouve seule aux commandes du restaurant. Deux ans plus tard, elle re\u00e7oit une myst\u00e9rieuse invitation pour Ta\u00efwan&#8230;<\/p>\n\n\n\n<div class=\"wp-block-image\"><figure class=\"aligncenter size-large is-resized\"><a href=\"https:\/\/www.mouthiers-sur-boeme.fr\/wp-content\/uploads\/2025\/06\/la_reparation_-_affiche-2.jpg\"><img loading=\"lazy\" src=\"https:\/\/www.mouthiers-sur-boeme.fr\/wp-content\/uploads\/2025\/06\/la_reparation_-_affiche-2.jpg\" alt=\"\" class=\"wp-image-12109\" width=\"437\" height=\"618\" srcset=\"https:\/\/www.mouthiers-sur-boeme.fr\/wp-content\/uploads\/2025\/06\/la_reparation_-_affiche-2.jpg 596w, https:\/\/www.mouthiers-sur-boeme.fr\/wp-content\/uploads\/2025\/06\/la_reparation_-_affiche-2-212x300.jpg 212w\" sizes=\"(max-width: 437px) 100vw, 437px\" \/><\/a><\/figure><\/div>\n\n\n\n<p><\/p>\n","protected":false},"excerpt":{"rendered":"<p>REPORT\u00c9 AU JEUDI 22 MAI La Cache De Lionel BaierAvec Dominique Reymond, Michel Blanc, William LebghilGenre Com\u00e9dieNationalit\u00e9 Suisse, Luxembourg, FranceDur\u00e9e 1h 30 Tout public Christophe, 9 ans, vit les \u00e9v\u00e9nements de mai 68, planqu\u00e9 chez ses grands-parents, dans l\u2019appartement familial \u00e0 Paris, entour\u00e9 de ses oncles et de son arri\u00e8re-grand-m\u00e8re. Tous bivouaquent autour d\u2019une myst\u00e9rieuse &hellip; <a href=\"https:\/\/www.mouthiers-sur-boeme.fr\/?p=12034\" class=\"more-link\">Continuer la lecture de <span class=\"screen-reader-text\">CHANGEMENT DE PROGRAMMATION<\/span>  <span class=\"meta-nav\">&rarr;<\/span><\/a><\/p>\n","protected":false},"author":22,"featured_media":11557,"comment_status":"open","ping_status":"open","sticky":false,"template":"","format":"standard","meta":[],"categories":[65,71],"tags":[],"_links":{"self":[{"href":"https:\/\/www.mouthiers-sur-boeme.fr\/index.php?rest_route=\/wp\/v2\/posts\/12034"}],"collection":[{"href":"https:\/\/www.mouthiers-sur-boeme.fr\/index.php?rest_route=\/wp\/v2\/posts"}],"about":[{"href":"https:\/\/www.mouthiers-sur-boeme.fr\/index.php?rest_route=\/wp\/v2\/types\/post"}],"author":[{"embeddable":true,"href":"https:\/\/www.mouthiers-sur-boeme.fr\/index.php?rest_route=\/wp\/v2\/users\/22"}],"replies":[{"embeddable":true,"href":"https:\/\/www.mouthiers-sur-boeme.fr\/index.php?rest_route=%2Fwp%2Fv2%2Fcomments&post=12034"}],"version-history":[{"count":6,"href":"https:\/\/www.mouthiers-sur-boeme.fr\/index.php?rest_route=\/wp\/v2\/posts\/12034\/revisions"}],"predecessor-version":[{"id":12111,"href":"https:\/\/www.mouthiers-sur-boeme.fr\/index.php?rest_route=\/wp\/v2\/posts\/12034\/revisions\/12111"}],"wp:featuredmedia":[{"embeddable":true,"href":"https:\/\/www.mouthiers-sur-boeme.fr\/index.php?rest_route=\/wp\/v2\/media\/11557"}],"wp:attachment":[{"href":"https:\/\/www.mouthiers-sur-boeme.fr\/index.php?rest_route=%2Fwp%2Fv2%2Fmedia&parent=12034"}],"wp:term":[{"taxonomy":"category","embeddable":true,"href":"https:\/\/www.mouthiers-sur-boeme.fr\/index.php?rest_route=%2Fwp%2Fv2%2Fcategories&post=12034"},{"taxonomy":"post_tag","embeddable":true,"href":"https:\/\/www.mouthiers-sur-boeme.fr\/index.php?rest_route=%2Fwp%2Fv2%2Ftags&post=12034"}],"curies":[{"name":"wp","href":"https:\/\/api.w.org\/{rel}","templated":true}]}}