{"id":12045,"date":"2025-05-15T08:49:41","date_gmt":"2025-05-15T07:49:41","guid":{"rendered":"https:\/\/www.mouthiers-sur-boeme.fr\/?p=12045"},"modified":"2025-05-30T08:32:07","modified_gmt":"2025-05-30T07:32:07","slug":"inauguration-du-sentier-metropolitain","status":"publish","type":"post","link":"https:\/\/www.mouthiers-sur-boeme.fr\/?p=12045","title":{"rendered":"INAUGURATION DU SENTIER M\u00c9TROPOLITAIN"},"content":{"rendered":"\n<p class=\"has-text-align-center has-green-color has-text-color has-medium-font-size\"><strong>Le Sentier m\u00e9tropolitain de GrandAngoul\u00eame : tout ce qui nous relie.<\/strong><\/p>\n\n\n\n<p>En famille, entre amis, sportifs comme curieux, toutes g\u00e9n\u00e9rations confondues, le 17 mai 2025, vous \u00eates invit\u00e9s \u00e0 vous retrouver et parcourir 4 itin\u00e9raires pour partager des exp\u00e9riences artistiques et conviviales, et converger dans l\u2019apr\u00e8s-midi \u00e0 Angoul\u00eame aux chais Magelis pour une inauguration festive et d\u00e9couvrir les \u0153uvres cr\u00e9\u00e9es sur le Sentier m\u00e9tropolitain de GrandAngoul\u00eame.<\/p>\n\n\n\n<div class=\"wp-block-file\"><a href=\"https:\/\/www.mouthiers-sur-boeme.fr\/wp-content\/uploads\/2025\/05\/2504-Dossier-de-presse-Inauguration-du-Sentier-m\u0412tropolitain-2025.pdf\">Dossier-de-presse-Inauguration-du-Sentier-M\u00e9tropolitain-2025<\/a><a href=\"https:\/\/www.mouthiers-sur-boeme.fr\/wp-content\/uploads\/2025\/05\/2504-Dossier-de-presse-Inauguration-du-Sentier-m\u0412tropolitain-2025.pdf\" class=\"wp-block-file__button\" download>T\u00e9l\u00e9charger<\/a><\/div>\n\n\n\n<div class=\"wp-block-image\"><figure class=\"aligncenter size-large\"><a href=\"https:\/\/www.mouthiers-sur-boeme.fr\/wp-content\/uploads\/2025\/05\/2502_Sentier-metropolitain_A3_VF.jpg\"><img loading=\"lazy\" width=\"724\" height=\"1024\" src=\"https:\/\/www.mouthiers-sur-boeme.fr\/wp-content\/uploads\/2025\/05\/2502_Sentier-metropolitain_A3_VF-724x1024.jpg\" alt=\"\" class=\"wp-image-12046\" srcset=\"https:\/\/www.mouthiers-sur-boeme.fr\/wp-content\/uploads\/2025\/05\/2502_Sentier-metropolitain_A3_VF-724x1024.jpg 724w, https:\/\/www.mouthiers-sur-boeme.fr\/wp-content\/uploads\/2025\/05\/2502_Sentier-metropolitain_A3_VF-212x300.jpg 212w, https:\/\/www.mouthiers-sur-boeme.fr\/wp-content\/uploads\/2025\/05\/2502_Sentier-metropolitain_A3_VF-768x1086.jpg 768w, https:\/\/www.mouthiers-sur-boeme.fr\/wp-content\/uploads\/2025\/05\/2502_Sentier-metropolitain_A3_VF-1086x1536.jpg 1086w, https:\/\/www.mouthiers-sur-boeme.fr\/wp-content\/uploads\/2025\/05\/2502_Sentier-metropolitain_A3_VF-1448x2048.jpg 1448w, https:\/\/www.mouthiers-sur-boeme.fr\/wp-content\/uploads\/2025\/05\/2502_Sentier-metropolitain_A3_VF.jpg 1754w\" sizes=\"(max-width: 724px) 100vw, 724px\" \/><\/a><\/figure><\/div>\n","protected":false},"excerpt":{"rendered":"<p>Le Sentier m\u00e9tropolitain de GrandAngoul\u00eame : tout ce qui nous relie. En famille, entre amis, sportifs comme curieux, toutes g\u00e9n\u00e9rations confondues, le 17 mai 2025, vous \u00eates invit\u00e9s \u00e0 vous retrouver et parcourir 4 itin\u00e9raires pour partager des exp\u00e9riences artistiques et conviviales, et converger dans l\u2019apr\u00e8s-midi \u00e0 Angoul\u00eame aux chais Magelis pour une inauguration festive &hellip; <a href=\"https:\/\/www.mouthiers-sur-boeme.fr\/?p=12045\" class=\"more-link\">Continuer la lecture de <span class=\"screen-reader-text\">INAUGURATION DU SENTIER M\u00c9TROPOLITAIN<\/span>  <span class=\"meta-nav\">&rarr;<\/span><\/a><\/p>\n","protected":false},"author":22,"featured_media":12055,"comment_status":"open","ping_status":"open","sticky":false,"template":"","format":"standard","meta":[],"categories":[85],"tags":[],"_links":{"self":[{"href":"https:\/\/www.mouthiers-sur-boeme.fr\/index.php?rest_route=\/wp\/v2\/posts\/12045"}],"collection":[{"href":"https:\/\/www.mouthiers-sur-boeme.fr\/index.php?rest_route=\/wp\/v2\/posts"}],"about":[{"href":"https:\/\/www.mouthiers-sur-boeme.fr\/index.php?rest_route=\/wp\/v2\/types\/post"}],"author":[{"embeddable":true,"href":"https:\/\/www.mouthiers-sur-boeme.fr\/index.php?rest_route=\/wp\/v2\/users\/22"}],"replies":[{"embeddable":true,"href":"https:\/\/www.mouthiers-sur-boeme.fr\/index.php?rest_route=%2Fwp%2Fv2%2Fcomments&post=12045"}],"version-history":[{"count":2,"href":"https:\/\/www.mouthiers-sur-boeme.fr\/index.php?rest_route=\/wp\/v2\/posts\/12045\/revisions"}],"predecessor-version":[{"id":12054,"href":"https:\/\/www.mouthiers-sur-boeme.fr\/index.php?rest_route=\/wp\/v2\/posts\/12045\/revisions\/12054"}],"wp:featuredmedia":[{"embeddable":true,"href":"https:\/\/www.mouthiers-sur-boeme.fr\/index.php?rest_route=\/wp\/v2\/media\/12055"}],"wp:attachment":[{"href":"https:\/\/www.mouthiers-sur-boeme.fr\/index.php?rest_route=%2Fwp%2Fv2%2Fmedia&parent=12045"}],"wp:term":[{"taxonomy":"category","embeddable":true,"href":"https:\/\/www.mouthiers-sur-boeme.fr\/index.php?rest_route=%2Fwp%2Fv2%2Fcategories&post=12045"},{"taxonomy":"post_tag","embeddable":true,"href":"https:\/\/www.mouthiers-sur-boeme.fr\/index.php?rest_route=%2Fwp%2Fv2%2Ftags&post=12045"}],"curies":[{"name":"wp","href":"https:\/\/api.w.org\/{rel}","templated":true}]}}