{"id":12095,"date":"2025-06-03T11:11:52","date_gmt":"2025-06-03T10:11:52","guid":{"rendered":"https:\/\/www.mouthiers-sur-boeme.fr\/?p=12095"},"modified":"2025-07-05T10:47:40","modified_gmt":"2025-07-05T09:47:40","slug":"la-nef-a-mouthiers-21-juin-fete-de-la-musique","status":"publish","type":"post","link":"https:\/\/www.mouthiers-sur-boeme.fr\/?p=12095","title":{"rendered":"LA NEF \u00c0 MOUTHIERS &#8211; 21 JUIN FETE DE LA MUSIQUE"},"content":{"rendered":"\n<p class=\"has-text-color has-large-font-size\" style=\"color:#eb6613\"><strong>CONCERT HORS LES MURS<\/strong><\/p>\n\n\n\n<h2>Finale du Tremplin des Studios 2025<\/h2>\n\n\n\n<h3>Dans le cadre de la f\u00eate de la musique \u00e0 Mouthiers-Sur Bo\u00ebme<\/h3>\n\n\n\n<p>La programmation de La Nef s\u2019\u00e9tend dans les communes du GrandAngoul\u00eame \u00e0 Mouthiers-Sur Bo\u00ebme. Dans le cadre de la f\u00eate de la musique et de la finale du tremplin des studios, trois projets musicaux se partageront la sc\u00e8ne pour remporter &#8230;<\/p>\n\n\n\n<p><a rel=\"noreferrer noopener\" href=\"https:\/\/www.lanef-musiques.com\/concert\/finale-tremplin-des-studios-2025\/\" data-type=\"URL\" data-id=\"https:\/\/www.lanef-musiques.com\/concert\/finale-tremplin-des-studios-2025\/\" target=\"_blank\">Continuer la lecture<\/a><\/p>\n\n\n\n<div class=\"wp-block-image\"><figure class=\"aligncenter size-large is-resized\"><a href=\"https:\/\/www.mouthiers-sur-boeme.fr\/wp-content\/uploads\/2025\/06\/FINALE-TREMPLIN.jpg\"><img loading=\"lazy\" src=\"https:\/\/www.mouthiers-sur-boeme.fr\/wp-content\/uploads\/2025\/06\/FINALE-TREMPLIN.jpg\" alt=\"\" class=\"wp-image-12092\" width=\"672\" height=\"959\"\/><\/a><\/figure><\/div>\n","protected":false},"excerpt":{"rendered":"<p>CONCERT HORS LES MURS Finale du Tremplin des Studios 2025 Dans le cadre de la f\u00eate de la musique \u00e0 Mouthiers-Sur Bo\u00ebme La programmation de La Nef s\u2019\u00e9tend dans les communes du GrandAngoul\u00eame \u00e0 Mouthiers-Sur Bo\u00ebme. Dans le cadre de la f\u00eate de la musique et de la finale du tremplin des studios, trois projets &hellip; <a href=\"https:\/\/www.mouthiers-sur-boeme.fr\/?p=12095\" class=\"more-link\">Continuer la lecture de <span class=\"screen-reader-text\">LA NEF \u00c0 MOUTHIERS &#8211; 21 JUIN FETE DE LA MUSIQUE<\/span>  <span class=\"meta-nav\">&rarr;<\/span><\/a><\/p>\n","protected":false},"author":22,"featured_media":12104,"comment_status":"open","ping_status":"open","sticky":false,"template":"","format":"standard","meta":[],"categories":[19,11,74],"tags":[],"_links":{"self":[{"href":"https:\/\/www.mouthiers-sur-boeme.fr\/index.php?rest_route=\/wp\/v2\/posts\/12095"}],"collection":[{"href":"https:\/\/www.mouthiers-sur-boeme.fr\/index.php?rest_route=\/wp\/v2\/posts"}],"about":[{"href":"https:\/\/www.mouthiers-sur-boeme.fr\/index.php?rest_route=\/wp\/v2\/types\/post"}],"author":[{"embeddable":true,"href":"https:\/\/www.mouthiers-sur-boeme.fr\/index.php?rest_route=\/wp\/v2\/users\/22"}],"replies":[{"embeddable":true,"href":"https:\/\/www.mouthiers-sur-boeme.fr\/index.php?rest_route=%2Fwp%2Fv2%2Fcomments&post=12095"}],"version-history":[{"count":2,"href":"https:\/\/www.mouthiers-sur-boeme.fr\/index.php?rest_route=\/wp\/v2\/posts\/12095\/revisions"}],"predecessor-version":[{"id":12103,"href":"https:\/\/www.mouthiers-sur-boeme.fr\/index.php?rest_route=\/wp\/v2\/posts\/12095\/revisions\/12103"}],"wp:featuredmedia":[{"embeddable":true,"href":"https:\/\/www.mouthiers-sur-boeme.fr\/index.php?rest_route=\/wp\/v2\/media\/12104"}],"wp:attachment":[{"href":"https:\/\/www.mouthiers-sur-boeme.fr\/index.php?rest_route=%2Fwp%2Fv2%2Fmedia&parent=12095"}],"wp:term":[{"taxonomy":"category","embeddable":true,"href":"https:\/\/www.mouthiers-sur-boeme.fr\/index.php?rest_route=%2Fwp%2Fv2%2Fcategories&post=12095"},{"taxonomy":"post_tag","embeddable":true,"href":"https:\/\/www.mouthiers-sur-boeme.fr\/index.php?rest_route=%2Fwp%2Fv2%2Ftags&post=12095"}],"curies":[{"name":"wp","href":"https:\/\/api.w.org\/{rel}","templated":true}]}}