{"id":12116,"date":"2025-06-13T16:40:28","date_gmt":"2025-06-13T15:40:28","guid":{"rendered":"https:\/\/www.mouthiers-sur-boeme.fr\/?p=12116"},"modified":"2025-09-21T09:47:05","modified_gmt":"2025-09-21T08:47:05","slug":"bientot-a-mouthiers","status":"publish","type":"post","link":"https:\/\/www.mouthiers-sur-boeme.fr\/?p=12116","title":{"rendered":"ILS SONT ARRIV\u00c9S !"},"content":{"rendered":"\n<p>MISE \u00c0 DISPOSITION DE 8 V\u00c9LOS \u00c9LECTRIQUES SUR LA PLACE DU CHAMP DE FOIRE (\u00c0 C\u00d4T\u00c9 DE L&rsquo;ABRI BUS)<\/p>\n\n\n\n<figure class=\"wp-block-image size-large\"><a href=\"https:\/\/www.mouthiers-sur-boeme.fr\/wp-content\/uploads\/2025\/07\/VELOSMODALIS-MOUTHIERS-1.jpeg\"><img loading=\"lazy\" width=\"900\" height=\"868\" src=\"https:\/\/www.mouthiers-sur-boeme.fr\/wp-content\/uploads\/2025\/07\/VELOSMODALIS-MOUTHIERS-1.jpeg\" alt=\"\" class=\"wp-image-12205\" srcset=\"https:\/\/www.mouthiers-sur-boeme.fr\/wp-content\/uploads\/2025\/07\/VELOSMODALIS-MOUTHIERS-1.jpeg 900w, https:\/\/www.mouthiers-sur-boeme.fr\/wp-content\/uploads\/2025\/07\/VELOSMODALIS-MOUTHIERS-1-300x289.jpeg 300w, https:\/\/www.mouthiers-sur-boeme.fr\/wp-content\/uploads\/2025\/07\/VELOSMODALIS-MOUTHIERS-1-768x741.jpeg 768w\" sizes=\"(max-width: 900px) 100vw, 900px\" \/><\/a><\/figure>\n\n\n\n<p>Louer un v\u00e9lo \u00e9lectrique pour la dur\u00e9e de votre choix : sur une courte dur\u00e9e, au mois ou bien formule pass journ\u00e9e.<\/p>\n\n\n\n<p>T\u00e9l\u00e9charger l&rsquo;application. Comment proc\u00e9der : suivre les consignes (voir panneau fix\u00e9 sur l&rsquo;abri bus) Belles promenades.<\/p>\n\n\n\n<p>\u00c0 partir de cet \u00e9t\u00e9, des v\u00e9los \u00e9lectriques sont propos\u00e9s \u00e0 la location sur notre commune. Deux formules sont possibles, une offre de location libre-service et une offre de location moyenne dur\u00e9e.<\/p>\n\n\n\n<div class=\"wp-block-file\"><a href=\"https:\/\/www.mouthiers-sur-boeme.fr\/wp-content\/uploads\/2025\/06\/Plus-dinfos.pdf\">Plus-dinfos<\/a><a href=\"https:\/\/www.mouthiers-sur-boeme.fr\/wp-content\/uploads\/2025\/06\/Plus-dinfos.pdf\" class=\"wp-block-file__button\" download>T\u00e9l\u00e9charger<\/a><\/div>\n\n\n\n<p><br>Cette nouvelle offre de mobilit\u00e9 d\u00e9ploy\u00e9e par GrandAngoul\u00eame vient compl\u00e9ter le service de location longue dur\u00e9e V\u00e9lom\u00f6bius et la prime \u00e0 l\u2019achat de v\u00e9lo.<br>Au total, 49 stations seront d\u00e9ploy\u00e9es sur les 38 communes de l\u2019agglom\u00e9ration pour faciliter vos d\u00e9placements en v\u00e9lo.<br>Le service de location libre-service propos\u00e9 sur GrandAngouleme est aussi disponible sur les agglom\u00e9rations de Cognac, Saintes et Royan.<br>Le service de location moyenne dur\u00e9e n&rsquo;est disponible que sur GrandAngouleme.<br>Pour d\u00e9couvrir ce nouveau service et l\u2019emplacement des stations, rendez-vous sur V\u00e9lo Modalis : des v\u00e9los \u00e9lectriques en libre-service dans vos communes &#8211; GrandAngoul\u00eame<\/p>\n\n\n\n<p><\/p>\n\n\n\n<p><em>Pour d\u00e9couvrir ce nouveau service et l\u2019emplacement des stations, rendez-vous sur <\/em><a href=\"https:\/\/www.grandangouleme.fr\/velo-modalis-des-velos-electriques-en-libre-service-dans-vos-communes\/\"><u>V\u00e9lo Modalis : des v\u00e9los \u00e9lectriques en libre-service dans vos communes &#8211; GrandAngoul\u00eame<\/u><\/a><\/p>\n","protected":false},"excerpt":{"rendered":"<p>MISE \u00c0 DISPOSITION DE 8 V\u00c9LOS \u00c9LECTRIQUES SUR LA PLACE DU CHAMP DE FOIRE (\u00c0 C\u00d4T\u00c9 DE L&rsquo;ABRI BUS) Louer un v\u00e9lo \u00e9lectrique pour la dur\u00e9e de votre choix : sur une courte dur\u00e9e, au mois ou bien formule pass journ\u00e9e. T\u00e9l\u00e9charger l&rsquo;application. Comment proc\u00e9der : suivre les consignes (voir panneau fix\u00e9 sur l&rsquo;abri bus) &hellip; <a href=\"https:\/\/www.mouthiers-sur-boeme.fr\/?p=12116\" class=\"more-link\">Continuer la lecture de <span class=\"screen-reader-text\">ILS SONT ARRIV\u00c9S !<\/span>  <span class=\"meta-nav\">&rarr;<\/span><\/a><\/p>\n","protected":false},"author":22,"featured_media":12118,"comment_status":"open","ping_status":"open","sticky":false,"template":"","format":"standard","meta":[],"categories":[85,11],"tags":[],"_links":{"self":[{"href":"https:\/\/www.mouthiers-sur-boeme.fr\/index.php?rest_route=\/wp\/v2\/posts\/12116"}],"collection":[{"href":"https:\/\/www.mouthiers-sur-boeme.fr\/index.php?rest_route=\/wp\/v2\/posts"}],"about":[{"href":"https:\/\/www.mouthiers-sur-boeme.fr\/index.php?rest_route=\/wp\/v2\/types\/post"}],"author":[{"embeddable":true,"href":"https:\/\/www.mouthiers-sur-boeme.fr\/index.php?rest_route=\/wp\/v2\/users\/22"}],"replies":[{"embeddable":true,"href":"https:\/\/www.mouthiers-sur-boeme.fr\/index.php?rest_route=%2Fwp%2Fv2%2Fcomments&post=12116"}],"version-history":[{"count":5,"href":"https:\/\/www.mouthiers-sur-boeme.fr\/index.php?rest_route=\/wp\/v2\/posts\/12116\/revisions"}],"predecessor-version":[{"id":12206,"href":"https:\/\/www.mouthiers-sur-boeme.fr\/index.php?rest_route=\/wp\/v2\/posts\/12116\/revisions\/12206"}],"wp:featuredmedia":[{"embeddable":true,"href":"https:\/\/www.mouthiers-sur-boeme.fr\/index.php?rest_route=\/wp\/v2\/media\/12118"}],"wp:attachment":[{"href":"https:\/\/www.mouthiers-sur-boeme.fr\/index.php?rest_route=%2Fwp%2Fv2%2Fmedia&parent=12116"}],"wp:term":[{"taxonomy":"category","embeddable":true,"href":"https:\/\/www.mouthiers-sur-boeme.fr\/index.php?rest_route=%2Fwp%2Fv2%2Fcategories&post=12116"},{"taxonomy":"post_tag","embeddable":true,"href":"https:\/\/www.mouthiers-sur-boeme.fr\/index.php?rest_route=%2Fwp%2Fv2%2Ftags&post=12116"}],"curies":[{"name":"wp","href":"https:\/\/api.w.org\/{rel}","templated":true}]}}