{"id":12135,"date":"2025-06-23T12:30:58","date_gmt":"2025-06-23T11:30:58","guid":{"rendered":"https:\/\/www.mouthiers-sur-boeme.fr\/?p=12135"},"modified":"2025-08-15T08:41:33","modified_gmt":"2025-08-15T07:41:33","slug":"les-soleils-de-lete-jeudi-8-juillet-mouthiers-17h30-chevet-de-leglise","status":"publish","type":"post","link":"https:\/\/www.mouthiers-sur-boeme.fr\/?p=12135","title":{"rendered":"LES SOLEILS DE L&rsquo;\u00c9T\u00c9 &#8211; jeudi 8 juillet &#8211; MOUTHIERS 17H30 CHEVET DE L&rsquo;\u00c9GLISE"},"content":{"rendered":"\n<figure class=\"wp-block-image size-large\"><a href=\"https:\/\/www.mouthiers-sur-boeme.fr\/wp-content\/uploads\/2025\/06\/A5_RV_Soleils_Ete_2025_v3-1.jpg\"><img loading=\"lazy\" width=\"722\" height=\"1024\" src=\"https:\/\/www.mouthiers-sur-boeme.fr\/wp-content\/uploads\/2025\/06\/A5_RV_Soleils_Ete_2025_v3-1-722x1024.jpg\" alt=\"\" class=\"wp-image-12136\" srcset=\"https:\/\/www.mouthiers-sur-boeme.fr\/wp-content\/uploads\/2025\/06\/A5_RV_Soleils_Ete_2025_v3-1-722x1024.jpg 722w, https:\/\/www.mouthiers-sur-boeme.fr\/wp-content\/uploads\/2025\/06\/A5_RV_Soleils_Ete_2025_v3-1-212x300.jpg 212w, https:\/\/www.mouthiers-sur-boeme.fr\/wp-content\/uploads\/2025\/06\/A5_RV_Soleils_Ete_2025_v3-1-768x1089.jpg 768w, https:\/\/www.mouthiers-sur-boeme.fr\/wp-content\/uploads\/2025\/06\/A5_RV_Soleils_Ete_2025_v3-1.jpg 846w\" sizes=\"(max-width: 722px) 100vw, 722px\" \/><\/a><figcaption>Mod\u00e8le cr\u00e9\u00e9 by Pixartprinting<\/figcaption><\/figure>\n\n\n\n<figure class=\"wp-block-image size-large\"><a href=\"https:\/\/www.mouthiers-sur-boeme.fr\/wp-content\/uploads\/2025\/06\/A5_RV_Soleils_Ete_2025_v3-2.jpg\"><img loading=\"lazy\" width=\"722\" height=\"1024\" src=\"https:\/\/www.mouthiers-sur-boeme.fr\/wp-content\/uploads\/2025\/06\/A5_RV_Soleils_Ete_2025_v3-2-722x1024.jpg\" alt=\"\" class=\"wp-image-12137\" srcset=\"https:\/\/www.mouthiers-sur-boeme.fr\/wp-content\/uploads\/2025\/06\/A5_RV_Soleils_Ete_2025_v3-2-722x1024.jpg 722w, https:\/\/www.mouthiers-sur-boeme.fr\/wp-content\/uploads\/2025\/06\/A5_RV_Soleils_Ete_2025_v3-2-212x300.jpg 212w, https:\/\/www.mouthiers-sur-boeme.fr\/wp-content\/uploads\/2025\/06\/A5_RV_Soleils_Ete_2025_v3-2-768x1089.jpg 768w, https:\/\/www.mouthiers-sur-boeme.fr\/wp-content\/uploads\/2025\/06\/A5_RV_Soleils_Ete_2025_v3-2.jpg 846w\" sizes=\"(max-width: 722px) 100vw, 722px\" \/><\/a><figcaption>Mod\u00e8le cr\u00e9\u00e9 by Pixartprinting<\/figcaption><\/figure>\n\n\n\n<p><a href=\"https:\/\/effervescentre.fr\/les-soleils-de-lete\/\" data-type=\"URL\" data-id=\"https:\/\/effervescentre.fr\/les-soleils-de-lete\/\" target=\"_blank\" rel=\"noreferrer noopener\">Plus d&rsquo;infos<\/a><\/p>\n","protected":false},"excerpt":{"rendered":"<p>Plus d&rsquo;infos<\/p>\n","protected":false},"author":22,"featured_media":12173,"comment_status":"open","ping_status":"open","sticky":false,"template":"","format":"standard","meta":[],"categories":[98,83,91,12,105],"tags":[],"_links":{"self":[{"href":"https:\/\/www.mouthiers-sur-boeme.fr\/index.php?rest_route=\/wp\/v2\/posts\/12135"}],"collection":[{"href":"https:\/\/www.mouthiers-sur-boeme.fr\/index.php?rest_route=\/wp\/v2\/posts"}],"about":[{"href":"https:\/\/www.mouthiers-sur-boeme.fr\/index.php?rest_route=\/wp\/v2\/types\/post"}],"author":[{"embeddable":true,"href":"https:\/\/www.mouthiers-sur-boeme.fr\/index.php?rest_route=\/wp\/v2\/users\/22"}],"replies":[{"embeddable":true,"href":"https:\/\/www.mouthiers-sur-boeme.fr\/index.php?rest_route=%2Fwp%2Fv2%2Fcomments&post=12135"}],"version-history":[{"count":2,"href":"https:\/\/www.mouthiers-sur-boeme.fr\/index.php?rest_route=\/wp\/v2\/posts\/12135\/revisions"}],"predecessor-version":[{"id":12172,"href":"https:\/\/www.mouthiers-sur-boeme.fr\/index.php?rest_route=\/wp\/v2\/posts\/12135\/revisions\/12172"}],"wp:featuredmedia":[{"embeddable":true,"href":"https:\/\/www.mouthiers-sur-boeme.fr\/index.php?rest_route=\/wp\/v2\/media\/12173"}],"wp:attachment":[{"href":"https:\/\/www.mouthiers-sur-boeme.fr\/index.php?rest_route=%2Fwp%2Fv2%2Fmedia&parent=12135"}],"wp:term":[{"taxonomy":"category","embeddable":true,"href":"https:\/\/www.mouthiers-sur-boeme.fr\/index.php?rest_route=%2Fwp%2Fv2%2Fcategories&post=12135"},{"taxonomy":"post_tag","embeddable":true,"href":"https:\/\/www.mouthiers-sur-boeme.fr\/index.php?rest_route=%2Fwp%2Fv2%2Ftags&post=12135"}],"curies":[{"name":"wp","href":"https:\/\/api.w.org\/{rel}","templated":true}]}}