{"id":12152,"date":"2025-07-01T08:24:10","date_gmt":"2025-07-01T07:24:10","guid":{"rendered":"https:\/\/www.mouthiers-sur-boeme.fr\/?p=12152"},"modified":"2025-09-03T10:34:33","modified_gmt":"2025-09-03T09:34:33","slug":"soirs-bleus-dimanche-20-juillet-a-partir-de-17h30","status":"publish","type":"post","link":"https:\/\/www.mouthiers-sur-boeme.fr\/?p=12152","title":{"rendered":"SOIRS BLEUS -programme DIMANCHE 20 JUILLET \u00c0 PARTIR DE 17H30 \u00e0 mouthiers"},"content":{"rendered":"\n<p><s>Rendez-vous au chevet de l&rsquo;\u00e9glise : <\/s><\/p>\n\n\n\n<p class=\"has-text-color\" style=\"color:#e80756\"><strong>INFORMATION : EN RAISON D\u2019UNE M\u00c9T\u00c9O INCERTAINE POUR DIMANCHE 20 JUILLET 2025, LA MANIFESTATION SE TIENDRA SALLE GILLES PLOQUIN . LA PROGRAMMATION RESTE INCHANG\u00c9E.<\/strong><\/p>\n\n\n\n<p class=\"has-text-color\" style=\"color:#1b8373\"><strong>17h30 : Compagnie presque siamoises <\/strong><\/p>\n\n\n\n<p>Ce sera la derni\u00e8re repr\u00e9sentation de \u00ab\u00a0Carry-On\u00a0\u00bb, spectacle participatif bas\u00e9 sur une \u00e9criture simple de port\u00e9s et de d\u00e9placements, et de texte inspir\u00e9 par un m\u00e9lange d&rsquo;exp\u00e9riences et de t\u00e9moignages. Venez d\u00e9couvrir les duos parents\/enfants qui participent \u00e0 ce projet artistique construit autour du lien si fort qui les unit<\/p>\n\n\n\n<p class=\"has-text-color\" style=\"color:#1b8373\"><strong>18h00 : atelier famille avec le service Pays d&rsquo;Art et d&rsquo;histoire de GrandAngoul\u00eame.<\/strong><\/p>\n\n\n\n<p class=\"has-text-color\" style=\"color:#1b8373\"><strong>20h30 : La Fianc\u00e9e du Pirate<\/strong><\/p>\n\n\n\n<p>De ritournelles traditionnelles en chant de pirates, de chants de travail en chants de tavernes, son \u00e9quipage, arm\u00e9 jusqu&rsquo;aux dents d&rsquo;instruments acoustiques, vous plonge dans l&rsquo;univers des Terre-neuvas, des docks et des quais. Il s&rsquo;agit d&rsquo;une invitation \u00e0 l&rsquo;\u00e9vasion \u00e0 travers un voyage rempli d&rsquo;imaginaire et d&rsquo;authenticit\u00e9, o\u00f9 le navire d\u00e9rive parfois. Mais pas d&rsquo;inqui\u00e9tude, arriv\u00e9e au port garantie !<\/p>\n\n\n\n<p class=\"has-text-color\" style=\"color:#1b8373\"><strong>M\u00e9diath\u00e8que exposition des \u00ab\u00a0Fant\u00f4mes de GrandAngoul\u00eame\u00a0\u00bb<\/strong><\/p>\n\n\n\n<p>Buvette &#8211; Food Truck &#8211; Glaces&#8230;<\/p>\n\n\n\n<p><a rel=\"noreferrer noopener\" href=\"https:\/\/soirsbleus.grandangouleme.fr\/\" data-type=\"URL\" data-id=\"https:\/\/soirsbleus.grandangouleme.fr\/\" target=\"_blank\">Plus d&rsquo;infos<\/a><\/p>\n\n\n\n<div class=\"wp-block-image\"><figure class=\"aligncenter size-large is-resized\"><a href=\"https:\/\/soirsbleus.grandangouleme.fr\/\"><img loading=\"lazy\" src=\"https:\/\/www.mouthiers-sur-boeme.fr\/wp-content\/uploads\/2025\/07\/telechargement.jpeg\" alt=\"\" class=\"wp-image-12153\" width=\"254\" height=\"382\"\/><\/a><\/figure><\/div>\n\n\n\n<p class=\"has-text-align-center\"><a href=\"https:\/\/soirsbleus.grandangouleme.fr\/\" target=\"_blank\" rel=\"noreferrer noopener\">Programme<\/a><\/p>\n","protected":false},"excerpt":{"rendered":"<p>Rendez-vous au chevet de l&rsquo;\u00e9glise : INFORMATION : EN RAISON D\u2019UNE M\u00c9T\u00c9O INCERTAINE POUR DIMANCHE 20 JUILLET 2025, LA MANIFESTATION SE TIENDRA SALLE GILLES PLOQUIN . LA PROGRAMMATION RESTE INCHANG\u00c9E. 17h30 : Compagnie presque siamoises Ce sera la derni\u00e8re repr\u00e9sentation de \u00ab\u00a0Carry-On\u00a0\u00bb, spectacle participatif bas\u00e9 sur une \u00e9criture simple de port\u00e9s et de d\u00e9placements, et &hellip; <a href=\"https:\/\/www.mouthiers-sur-boeme.fr\/?p=12152\" class=\"more-link\">Continuer la lecture de <span class=\"screen-reader-text\">SOIRS BLEUS -programme DIMANCHE 20 JUILLET \u00c0 PARTIR DE 17H30 \u00e0 mouthiers<\/span>  <span class=\"meta-nav\">&rarr;<\/span><\/a><\/p>\n","protected":false},"author":22,"featured_media":12163,"comment_status":"open","ping_status":"open","sticky":false,"template":"","format":"standard","meta":[],"categories":[85,11,82],"tags":[],"_links":{"self":[{"href":"https:\/\/www.mouthiers-sur-boeme.fr\/index.php?rest_route=\/wp\/v2\/posts\/12152"}],"collection":[{"href":"https:\/\/www.mouthiers-sur-boeme.fr\/index.php?rest_route=\/wp\/v2\/posts"}],"about":[{"href":"https:\/\/www.mouthiers-sur-boeme.fr\/index.php?rest_route=\/wp\/v2\/types\/post"}],"author":[{"embeddable":true,"href":"https:\/\/www.mouthiers-sur-boeme.fr\/index.php?rest_route=\/wp\/v2\/users\/22"}],"replies":[{"embeddable":true,"href":"https:\/\/www.mouthiers-sur-boeme.fr\/index.php?rest_route=%2Fwp%2Fv2%2Fcomments&post=12152"}],"version-history":[{"count":6,"href":"https:\/\/www.mouthiers-sur-boeme.fr\/index.php?rest_route=\/wp\/v2\/posts\/12152\/revisions"}],"predecessor-version":[{"id":12221,"href":"https:\/\/www.mouthiers-sur-boeme.fr\/index.php?rest_route=\/wp\/v2\/posts\/12152\/revisions\/12221"}],"wp:featuredmedia":[{"embeddable":true,"href":"https:\/\/www.mouthiers-sur-boeme.fr\/index.php?rest_route=\/wp\/v2\/media\/12163"}],"wp:attachment":[{"href":"https:\/\/www.mouthiers-sur-boeme.fr\/index.php?rest_route=%2Fwp%2Fv2%2Fmedia&parent=12152"}],"wp:term":[{"taxonomy":"category","embeddable":true,"href":"https:\/\/www.mouthiers-sur-boeme.fr\/index.php?rest_route=%2Fwp%2Fv2%2Fcategories&post=12152"},{"taxonomy":"post_tag","embeddable":true,"href":"https:\/\/www.mouthiers-sur-boeme.fr\/index.php?rest_route=%2Fwp%2Fv2%2Ftags&post=12152"}],"curies":[{"name":"wp","href":"https:\/\/api.w.org\/{rel}","templated":true}]}}