{"id":12178,"date":"2025-07-09T12:08:56","date_gmt":"2025-07-09T11:08:56","guid":{"rendered":"https:\/\/www.mouthiers-sur-boeme.fr\/?p=12178"},"modified":"2025-09-03T10:41:19","modified_gmt":"2025-09-03T09:41:19","slug":"exposition-les-fantomes-de-grandangouleme-mediatheque-mouthiers","status":"publish","type":"post","link":"https:\/\/www.mouthiers-sur-boeme.fr\/?p=12178","title":{"rendered":"EXPOSITION \u00ab\u00a0Les Fant\u00f4mes de GrandAngoul\u00eame\u00a0\u00bb  m\u00e9diath\u00e8que mouthiers"},"content":{"rendered":"\n<figure class=\"wp-block-image size-large\"><a href=\"https:\/\/www.mouthiers-sur-boeme.fr\/wp-content\/uploads\/2025\/07\/FantomesGA-2020-1210x642-1.jpg\"><img loading=\"lazy\" width=\"1024\" height=\"543\" src=\"https:\/\/www.mouthiers-sur-boeme.fr\/wp-content\/uploads\/2025\/07\/FantomesGA-2020-1210x642-1-1024x543.jpg\" alt=\"\" class=\"wp-image-12179\" srcset=\"https:\/\/www.mouthiers-sur-boeme.fr\/wp-content\/uploads\/2025\/07\/FantomesGA-2020-1210x642-1-1024x543.jpg 1024w, https:\/\/www.mouthiers-sur-boeme.fr\/wp-content\/uploads\/2025\/07\/FantomesGA-2020-1210x642-1-300x159.jpg 300w, https:\/\/www.mouthiers-sur-boeme.fr\/wp-content\/uploads\/2025\/07\/FantomesGA-2020-1210x642-1-768x407.jpg 768w, https:\/\/www.mouthiers-sur-boeme.fr\/wp-content\/uploads\/2025\/07\/FantomesGA-2020-1210x642-1.jpg 1210w\" sizes=\"(max-width: 1024px) 100vw, 1024px\" \/><\/a><\/figure>\n\n\n\n<p>DU 15 JUILLET AU 22 AO\u00dbT AUX HEURES D&rsquo;OUVERTURE. (voir ci-dessous)<\/p>\n\n\n\n<p>VISIBLE AUSSI LE DIMANCHE 20 JUILLET DE 15 H \u00c0 18 H<\/p>\n\n\n\n<p>L&rsquo;HISTOIRE DES FANT\u00d4MES :<\/p>\n\n\n\n<p>Le Collectif Paon! s&rsquo;associe avec la direction de la Culture de GrandAngoul\u00eame, le service Pays d&rsquo;Art et d&rsquo;Histoire et l&rsquo;agence d&rsquo;artistes Fichtre Diantre pour proposer le projet illustr\u00e9 des \u00ab\u00a0Fantomes de GrandAngouleme\u00a0\u00bb. Les artistes revisitent le patrimoine local en invoquant ces \u00ab\u00a0Fant\u00f4mes\u00a0\u00bb, entre portraits de personnages r\u00e9els et l\u00e9gendes vivantes du territoire. Chaque commune de l&rsquo;agglom\u00e9ration de GrandAngoul\u00eame est repr\u00e9sent\u00e9e par son Fant\u00f4me illustr\u00e9, qui les relie comme les figures d&rsquo;un jeu de cartes all\u00e9gorique. Pour chacune de ces cr\u00e9ations, l&rsquo;artiste a explor\u00e9 l&rsquo;histoire d&rsquo;une commune et l&rsquo;a interpr\u00e9t\u00e9e, en prenant soin d&rsquo;y int\u00e9grer des r\u00e9f\u00e9rences  au patrimoine naturel et architectural de lieu.<\/p>\n\n\n\n<p>Le Collectif Paon!  en virtuose de l&rsquo;illustration et de l&rsquo;animation, emm\u00e8ne les Fant\u00f4mes vers la r\u00e9alit\u00e9 augment\u00e9e. En les scannant avec l&rsquo;application \u00ab\u00a0Pan! La r\u00e9alit\u00e9 augment\u00e9e\u00a0\u00bb cr\u00e9\u00e9e par la Nef, sc\u00e8ne de musiques actuelles de GrandAngoul\u00eame, ils prennent vie comme par magie.<\/p>\n\n\n\n<p>Au carrefour entre patrimoine et modernit\u00e9 se dressent les Fant\u00f4mes de GrandAngoul\u00eame, portes d&rsquo;entr\u00e9e sur l&rsquo;histoire du territoire comme sur la cr\u00e9ativit\u00e9 des artistes d&rsquo;aujourd&rsquo;hui.<\/p>\n\n\n\n<p><strong>Les horaires de l&rsquo;\u00e9t\u00e9 \u00e0 la m\u00e9diath\u00e8que<\/strong> :<\/p>\n\n\n\n<p class=\"has-text-color has-normal-font-size\" style=\"color:#21c0e8\"><strong>LUNDI : FERM\u00c9<\/strong><\/p>\n\n\n\n<p class=\"has-text-color has-normal-font-size\" style=\"color:#21c0e8\"><strong>DU MARDI AU VENDREDI : 9 H 00 &#8211; 12H 30<\/strong><\/p>\n\n\n\n<p class=\"has-text-color has-normal-font-size\" style=\"color:#21c0e8\"><strong>SAMEDI : FERM\u00c9<\/strong><\/p>\n\n\n\n<p class=\"has-text-color has-normal-font-size\" style=\"color:#21c0e8\"><strong>NOUS VOUS SOUHAITONS \u00c0 TOUTES ET TOUS UN BEL \u00c9T\u00c9.<\/strong><\/p>\n","protected":false},"excerpt":{"rendered":"<p>DU 15 JUILLET AU 22 AO\u00dbT AUX HEURES D&rsquo;OUVERTURE. (voir ci-dessous) VISIBLE AUSSI LE DIMANCHE 20 JUILLET DE 15 H \u00c0 18 H L&rsquo;HISTOIRE DES FANT\u00d4MES : Le Collectif Paon! s&rsquo;associe avec la direction de la Culture de GrandAngoul\u00eame, le service Pays d&rsquo;Art et d&rsquo;Histoire et l&rsquo;agence d&rsquo;artistes Fichtre Diantre pour proposer le projet illustr\u00e9 &hellip; <a href=\"https:\/\/www.mouthiers-sur-boeme.fr\/?p=12178\" class=\"more-link\">Continuer la lecture de <span class=\"screen-reader-text\">EXPOSITION \u00ab\u00a0Les Fant\u00f4mes de GrandAngoul\u00eame\u00a0\u00bb  m\u00e9diath\u00e8que mouthiers<\/span>  <span class=\"meta-nav\">&rarr;<\/span><\/a><\/p>\n","protected":false},"author":22,"featured_media":12179,"comment_status":"open","ping_status":"open","sticky":false,"template":"","format":"standard","meta":[],"categories":[85,20,17],"tags":[],"_links":{"self":[{"href":"https:\/\/www.mouthiers-sur-boeme.fr\/index.php?rest_route=\/wp\/v2\/posts\/12178"}],"collection":[{"href":"https:\/\/www.mouthiers-sur-boeme.fr\/index.php?rest_route=\/wp\/v2\/posts"}],"about":[{"href":"https:\/\/www.mouthiers-sur-boeme.fr\/index.php?rest_route=\/wp\/v2\/types\/post"}],"author":[{"embeddable":true,"href":"https:\/\/www.mouthiers-sur-boeme.fr\/index.php?rest_route=\/wp\/v2\/users\/22"}],"replies":[{"embeddable":true,"href":"https:\/\/www.mouthiers-sur-boeme.fr\/index.php?rest_route=%2Fwp%2Fv2%2Fcomments&post=12178"}],"version-history":[{"count":5,"href":"https:\/\/www.mouthiers-sur-boeme.fr\/index.php?rest_route=\/wp\/v2\/posts\/12178\/revisions"}],"predecessor-version":[{"id":12220,"href":"https:\/\/www.mouthiers-sur-boeme.fr\/index.php?rest_route=\/wp\/v2\/posts\/12178\/revisions\/12220"}],"wp:featuredmedia":[{"embeddable":true,"href":"https:\/\/www.mouthiers-sur-boeme.fr\/index.php?rest_route=\/wp\/v2\/media\/12179"}],"wp:attachment":[{"href":"https:\/\/www.mouthiers-sur-boeme.fr\/index.php?rest_route=%2Fwp%2Fv2%2Fmedia&parent=12178"}],"wp:term":[{"taxonomy":"category","embeddable":true,"href":"https:\/\/www.mouthiers-sur-boeme.fr\/index.php?rest_route=%2Fwp%2Fv2%2Fcategories&post=12178"},{"taxonomy":"post_tag","embeddable":true,"href":"https:\/\/www.mouthiers-sur-boeme.fr\/index.php?rest_route=%2Fwp%2Fv2%2Ftags&post=12178"}],"curies":[{"name":"wp","href":"https:\/\/api.w.org\/{rel}","templated":true}]}}