{"id":12239,"date":"2025-08-01T08:58:32","date_gmt":"2025-08-01T07:58:32","guid":{"rendered":"https:\/\/www.mouthiers-sur-boeme.fr\/?p=12239"},"modified":"2025-08-01T08:58:32","modified_gmt":"2025-08-01T07:58:32","slug":"arrete-de-circulation-route-de-voeuil-a-partir-du-4-aout-pour-une-duree-de-30-jours","status":"publish","type":"post","link":"https:\/\/www.mouthiers-sur-boeme.fr\/?p=12239","title":{"rendered":"arr\u00eat\u00e9 de circulation &#8211; route de voeuil \u00e0 partir du 4 ao\u00fbt pour une dur\u00e9e de 30 jours"},"content":{"rendered":"\n<figure class=\"wp-block-image size-large\"><a href=\"https:\/\/www.mouthiers-sur-boeme.fr\/wp-content\/uploads\/2025\/08\/CIRCULATION.jpg\"><img loading=\"lazy\" width=\"566\" height=\"826\" src=\"https:\/\/www.mouthiers-sur-boeme.fr\/wp-content\/uploads\/2025\/08\/CIRCULATION.jpg\" alt=\"\" class=\"wp-image-12240\" srcset=\"https:\/\/www.mouthiers-sur-boeme.fr\/wp-content\/uploads\/2025\/08\/CIRCULATION.jpg 566w, https:\/\/www.mouthiers-sur-boeme.fr\/wp-content\/uploads\/2025\/08\/CIRCULATION-206x300.jpg 206w\" sizes=\"(max-width: 566px) 100vw, 566px\" \/><\/a><\/figure>\n\n\n\n<figure class=\"wp-block-image size-large\"><a href=\"https:\/\/www.mouthiers-sur-boeme.fr\/wp-content\/uploads\/2025\/08\/PLAN.jpg\"><img loading=\"lazy\" width=\"521\" height=\"666\" src=\"https:\/\/www.mouthiers-sur-boeme.fr\/wp-content\/uploads\/2025\/08\/PLAN.jpg\" alt=\"\" class=\"wp-image-12241\" srcset=\"https:\/\/www.mouthiers-sur-boeme.fr\/wp-content\/uploads\/2025\/08\/PLAN.jpg 521w, https:\/\/www.mouthiers-sur-boeme.fr\/wp-content\/uploads\/2025\/08\/PLAN-235x300.jpg 235w\" sizes=\"(max-width: 521px) 100vw, 521px\" \/><\/a><\/figure>\n","protected":false},"excerpt":{"rendered":"","protected":false},"author":22,"featured_media":0,"comment_status":"open","ping_status":"open","sticky":false,"template":"","format":"standard","meta":[],"categories":[11,73,15],"tags":[],"_links":{"self":[{"href":"https:\/\/www.mouthiers-sur-boeme.fr\/index.php?rest_route=\/wp\/v2\/posts\/12239"}],"collection":[{"href":"https:\/\/www.mouthiers-sur-boeme.fr\/index.php?rest_route=\/wp\/v2\/posts"}],"about":[{"href":"https:\/\/www.mouthiers-sur-boeme.fr\/index.php?rest_route=\/wp\/v2\/types\/post"}],"author":[{"embeddable":true,"href":"https:\/\/www.mouthiers-sur-boeme.fr\/index.php?rest_route=\/wp\/v2\/users\/22"}],"replies":[{"embeddable":true,"href":"https:\/\/www.mouthiers-sur-boeme.fr\/index.php?rest_route=%2Fwp%2Fv2%2Fcomments&post=12239"}],"version-history":[{"count":1,"href":"https:\/\/www.mouthiers-sur-boeme.fr\/index.php?rest_route=\/wp\/v2\/posts\/12239\/revisions"}],"predecessor-version":[{"id":12242,"href":"https:\/\/www.mouthiers-sur-boeme.fr\/index.php?rest_route=\/wp\/v2\/posts\/12239\/revisions\/12242"}],"wp:attachment":[{"href":"https:\/\/www.mouthiers-sur-boeme.fr\/index.php?rest_route=%2Fwp%2Fv2%2Fmedia&parent=12239"}],"wp:term":[{"taxonomy":"category","embeddable":true,"href":"https:\/\/www.mouthiers-sur-boeme.fr\/index.php?rest_route=%2Fwp%2Fv2%2Fcategories&post=12239"},{"taxonomy":"post_tag","embeddable":true,"href":"https:\/\/www.mouthiers-sur-boeme.fr\/index.php?rest_route=%2Fwp%2Fv2%2Ftags&post=12239"}],"curies":[{"name":"wp","href":"https:\/\/api.w.org\/{rel}","templated":true}]}}