{"id":12273,"date":"2025-08-14T08:40:00","date_gmt":"2025-08-14T07:40:00","guid":{"rendered":"https:\/\/www.mouthiers-sur-boeme.fr\/?p=12273"},"modified":"2025-12-17T16:48:50","modified_gmt":"2025-12-17T15:48:50","slug":"cinema-de-septembre","status":"publish","type":"post","link":"https:\/\/www.mouthiers-sur-boeme.fr\/?p=12273","title":{"rendered":"CIN\u00c9MA NOVEMBRE\/D\u00c9CEMBRE"},"content":{"rendered":"\n<p class=\"has-text-align-center has-large-font-size\">jeudi 13 NOVEMBRE \u00e0&nbsp;20h30 salle de cin\u00e9ma MJC<\/p>\n\n\n\n<p style=\"font-size:21px\"><strong>REGARDE<\/strong><\/p>\n\n\n\n<p>Avec Dany Boon et Audrey Fleurot<\/p>\n\n\n\n<p><a href=\"https:\/\/www.allocine.fr\/film\/fichefilm_gen_cfilm=326363.html\" data-type=\"URL\" data-id=\"https:\/\/www.allocine.fr\/film\/fichefilm_gen_cfilm=326363.html\" target=\"_blank\" rel=\"noreferrer noopener\">BANDE ANNONCE ALLOCIN\u00c9<\/a><\/p>\n\n\n\n<p class=\"has-text-align-center\" style=\"font-size:28px\">JEUDI 11 D\u00c9CEMBRE \u00e0 20h30 salle de cin\u00e9ma MJC<\/p>\n\n\n\n<h1>Valeur sentimentale<\/h1>\n\n\n\n<p>De <strong>Joachim Trier<\/strong><br>Avec <strong>Renate Reinsve, Stellan Skarsg\u00e5rd, Inga Ibsdotter Lilleaas<\/strong><br>Genre <strong>Com\u00e9die dramatique<\/strong><br>Nationalit\u00e9 <strong>France, Norv\u00e8ge<\/strong><br>Dur\u00e9e <strong>2h 13<\/strong><\/p>\n\n\n\n<hr class=\"wp-block-separator\"\/>\n\n\n\n<p>Tout public<\/p>\n\n\n\n<p>Agnes et Nora voient leur p\u00e8re d\u00e9barquer apr\u00e8s de longues ann\u00e9es d\u2019absence. R\u00e9alisateur de renom, il propose \u00e0 Nora, com\u00e9dienne de th\u00e9\u00e2tre, de jouer dans son prochain film, mais celle-ci refuse avec d\u00e9fiance. Il propose alors le r\u00f4le \u00e0 une jeune star hollywoodienne, ravivant des souvenirs de famille douloureux. <\/p>\n\n\n\n<p><a href=\"https:\/\/www.crcatb.fr\/films-cinema-charente-crcatb\/article\/valeur-sentimentale\" data-type=\"URL\" data-id=\"https:\/\/www.crcatb.fr\/films-cinema-charente-crcatb\/article\/valeur-sentimentale\">BANDE ANNONCE<\/a><\/p>\n\n\n\n<figure class=\"wp-block-image\"><img src=\"https:\/\/www.crcatb.fr\/local\/cache-vignettes\/L290xH393\/99b101006553223982d79f39868c79fa-74c14.jpg?1755894789\" alt=\"image Valeur sentimentale\"\/><\/figure>\n\n\n\n<hr class=\"wp-block-separator\"\/>\n\n\n\n<p>VALEUR SENTIMENTALE<\/p>\n","protected":false},"excerpt":{"rendered":"<p>jeudi 13 NOVEMBRE \u00e0&nbsp;20h30 salle de cin\u00e9ma MJC REGARDE Avec Dany Boon et Audrey Fleurot BANDE ANNONCE ALLOCIN\u00c9 JEUDI 11 D\u00c9CEMBRE \u00e0 20h30 salle de cin\u00e9ma MJC Valeur sentimentale De Joachim TrierAvec Renate Reinsve, Stellan Skarsg\u00e5rd, Inga Ibsdotter LilleaasGenre Com\u00e9die dramatiqueNationalit\u00e9 France, Norv\u00e8geDur\u00e9e 2h 13 Tout public Agnes et Nora voient leur p\u00e8re d\u00e9barquer apr\u00e8s &hellip; <a href=\"https:\/\/www.mouthiers-sur-boeme.fr\/?p=12273\" class=\"more-link\">Continuer la lecture de <span class=\"screen-reader-text\">CIN\u00c9MA NOVEMBRE\/D\u00c9CEMBRE<\/span>  <span class=\"meta-nav\">&rarr;<\/span><\/a><\/p>\n","protected":false},"author":22,"featured_media":12510,"comment_status":"open","ping_status":"open","sticky":false,"template":"","format":"standard","meta":[],"categories":[102,11,71],"tags":[],"_links":{"self":[{"href":"https:\/\/www.mouthiers-sur-boeme.fr\/index.php?rest_route=\/wp\/v2\/posts\/12273"}],"collection":[{"href":"https:\/\/www.mouthiers-sur-boeme.fr\/index.php?rest_route=\/wp\/v2\/posts"}],"about":[{"href":"https:\/\/www.mouthiers-sur-boeme.fr\/index.php?rest_route=\/wp\/v2\/types\/post"}],"author":[{"embeddable":true,"href":"https:\/\/www.mouthiers-sur-boeme.fr\/index.php?rest_route=\/wp\/v2\/users\/22"}],"replies":[{"embeddable":true,"href":"https:\/\/www.mouthiers-sur-boeme.fr\/index.php?rest_route=%2Fwp%2Fv2%2Fcomments&post=12273"}],"version-history":[{"count":7,"href":"https:\/\/www.mouthiers-sur-boeme.fr\/index.php?rest_route=\/wp\/v2\/posts\/12273\/revisions"}],"predecessor-version":[{"id":12511,"href":"https:\/\/www.mouthiers-sur-boeme.fr\/index.php?rest_route=\/wp\/v2\/posts\/12273\/revisions\/12511"}],"wp:featuredmedia":[{"embeddable":true,"href":"https:\/\/www.mouthiers-sur-boeme.fr\/index.php?rest_route=\/wp\/v2\/media\/12510"}],"wp:attachment":[{"href":"https:\/\/www.mouthiers-sur-boeme.fr\/index.php?rest_route=%2Fwp%2Fv2%2Fmedia&parent=12273"}],"wp:term":[{"taxonomy":"category","embeddable":true,"href":"https:\/\/www.mouthiers-sur-boeme.fr\/index.php?rest_route=%2Fwp%2Fv2%2Fcategories&post=12273"},{"taxonomy":"post_tag","embeddable":true,"href":"https:\/\/www.mouthiers-sur-boeme.fr\/index.php?rest_route=%2Fwp%2Fv2%2Ftags&post=12273"}],"curies":[{"name":"wp","href":"https:\/\/api.w.org\/{rel}","templated":true}]}}