{"id":12300,"date":"2025-09-03T10:32:21","date_gmt":"2025-09-03T09:32:21","guid":{"rendered":"https:\/\/www.mouthiers-sur-boeme.fr\/?p=12300"},"modified":"2025-09-28T08:06:11","modified_gmt":"2025-09-28T07:06:11","slug":"le-bar-des-possibles","status":"publish","type":"post","link":"https:\/\/www.mouthiers-sur-boeme.fr\/?p=12300","title":{"rendered":"LE BAR DES POSSIBLES"},"content":{"rendered":"\n<p class=\"has-text-align-center has-text-color has-medium-font-size\" style=\"color:#22e642\"><strong>Soir\u00e9e d&rsquo;inauguration<\/strong><\/p>\n\n\n\n<p class=\"has-text-align-center has-text-color has-medium-font-size\" style=\"color:#22e642\"><strong>vendredi 26 septembre<\/strong><\/p>\n\n\n\n<p class=\"has-text-align-center has-text-color has-medium-font-size\" style=\"color:#22e642\"><strong>\u00e0 partir de 19h00<\/strong><\/p>\n\n\n\n<p class=\"has-text-align-center has-text-color has-medium-font-size\" style=\"color:#22e642\"><strong>\ufeffMJC<\/strong><\/p>\n\n\n\n<p><strong><em>Le Caf\u00e9 Associatif, c\u2019est quoi ?<\/em><\/strong><\/p>\n\n\n\n<p><em>Un lieu convivial pour boire un verre, r\u00eaver, \u00e9changer, jouer, lire, imaginer et pourquoi pas faire na\u00eetre des projets ensemble. Ici, chacun et chacune peut participer \u00e0 la vie du caf\u00e9 et contribuer \u00e0 en faire un vrai lieu de rencontres.<\/em><\/p>\n\n\n\n<p><strong><em>Comment \u00e7a marche ?<\/em><\/strong><\/p>\n\n\n\n<p><em>Le caf\u00e9 fonctionne gr\u00e2ce \u00e0 des b\u00e9n\u00e9voles et des permanences ouvertes \u00e0 toutes et tous. Chacun peut s\u2019impliquer, selon ses envies et disponibilit\u00e9s : une heure de temps en temps, une soir\u00e9e, ou plus r\u00e9guli\u00e8rement.<\/em><\/p>\n\n\n\n<p><strong><em>Et c\u00f4t\u00e9 bar ?<\/em><\/strong><\/p>\n\n\n\n<p><em>Nous proposons des bi\u00e8res, vins et jus locaux et quelques petites choses \u00e0 grignoter.<\/em><\/p>\n\n\n\n<p><em>Les enfants ont aussi leur espace d\u00e9di\u00e9, et certains moments seront m\u00eame anim\u00e9s par eux : ils prendront les commandes du caf\u00e9 !<\/em><\/p>\n\n\n\n<p><em>Le caf\u00e9 sera ouvert autour du week-end. Venez le d\u00e9couvrir lors de notre inauguration le 26 septembre !<\/em><\/p>\n\n\n\n<figure class=\"wp-block-image size-large\"><a href=\"https:\/\/www.mouthiers-sur-boeme.fr\/wp-content\/uploads\/2025\/09\/BAR-DES-POSSIBLES.png\"><img loading=\"lazy\" width=\"900\" height=\"435\" src=\"https:\/\/www.mouthiers-sur-boeme.fr\/wp-content\/uploads\/2025\/09\/BAR-DES-POSSIBLES.png\" alt=\"\" class=\"wp-image-12301\" srcset=\"https:\/\/www.mouthiers-sur-boeme.fr\/wp-content\/uploads\/2025\/09\/BAR-DES-POSSIBLES.png 900w, https:\/\/www.mouthiers-sur-boeme.fr\/wp-content\/uploads\/2025\/09\/BAR-DES-POSSIBLES-300x145.png 300w, https:\/\/www.mouthiers-sur-boeme.fr\/wp-content\/uploads\/2025\/09\/BAR-DES-POSSIBLES-768x371.png 768w\" sizes=\"(max-width: 900px) 100vw, 900px\" \/><\/a><\/figure>\n","protected":false},"excerpt":{"rendered":"<p>Soir\u00e9e d&rsquo;inauguration vendredi 26 septembre \u00e0 partir de 19h00 \ufeffMJC Le Caf\u00e9 Associatif, c\u2019est quoi ? Un lieu convivial pour boire un verre, r\u00eaver, \u00e9changer, jouer, lire, imaginer et pourquoi pas faire na\u00eetre des projets ensemble. Ici, chacun et chacune peut participer \u00e0 la vie du caf\u00e9 et contribuer \u00e0 en faire un vrai lieu &hellip; <a href=\"https:\/\/www.mouthiers-sur-boeme.fr\/?p=12300\" class=\"more-link\">Continuer la lecture de <span class=\"screen-reader-text\">LE BAR DES POSSIBLES<\/span>  <span class=\"meta-nav\">&rarr;<\/span><\/a><\/p>\n","protected":false},"author":22,"featured_media":12301,"comment_status":"open","ping_status":"open","sticky":false,"template":"","format":"standard","meta":[],"categories":[105],"tags":[],"_links":{"self":[{"href":"https:\/\/www.mouthiers-sur-boeme.fr\/index.php?rest_route=\/wp\/v2\/posts\/12300"}],"collection":[{"href":"https:\/\/www.mouthiers-sur-boeme.fr\/index.php?rest_route=\/wp\/v2\/posts"}],"about":[{"href":"https:\/\/www.mouthiers-sur-boeme.fr\/index.php?rest_route=\/wp\/v2\/types\/post"}],"author":[{"embeddable":true,"href":"https:\/\/www.mouthiers-sur-boeme.fr\/index.php?rest_route=\/wp\/v2\/users\/22"}],"replies":[{"embeddable":true,"href":"https:\/\/www.mouthiers-sur-boeme.fr\/index.php?rest_route=%2Fwp%2Fv2%2Fcomments&post=12300"}],"version-history":[{"count":1,"href":"https:\/\/www.mouthiers-sur-boeme.fr\/index.php?rest_route=\/wp\/v2\/posts\/12300\/revisions"}],"predecessor-version":[{"id":12302,"href":"https:\/\/www.mouthiers-sur-boeme.fr\/index.php?rest_route=\/wp\/v2\/posts\/12300\/revisions\/12302"}],"wp:featuredmedia":[{"embeddable":true,"href":"https:\/\/www.mouthiers-sur-boeme.fr\/index.php?rest_route=\/wp\/v2\/media\/12301"}],"wp:attachment":[{"href":"https:\/\/www.mouthiers-sur-boeme.fr\/index.php?rest_route=%2Fwp%2Fv2%2Fmedia&parent=12300"}],"wp:term":[{"taxonomy":"category","embeddable":true,"href":"https:\/\/www.mouthiers-sur-boeme.fr\/index.php?rest_route=%2Fwp%2Fv2%2Fcategories&post=12300"},{"taxonomy":"post_tag","embeddable":true,"href":"https:\/\/www.mouthiers-sur-boeme.fr\/index.php?rest_route=%2Fwp%2Fv2%2Ftags&post=12300"}],"curies":[{"name":"wp","href":"https:\/\/api.w.org\/{rel}","templated":true}]}}