{"id":12322,"date":"2025-09-08T07:32:12","date_gmt":"2025-09-08T06:32:12","guid":{"rendered":"https:\/\/www.mouthiers-sur-boeme.fr\/?p=12322"},"modified":"2025-10-02T08:37:50","modified_gmt":"2025-10-02T07:37:50","slug":"mediatheque-mercredi-1er-octobre-18-h-gratuit","status":"publish","type":"post","link":"https:\/\/www.mouthiers-sur-boeme.fr\/?p=12322","title":{"rendered":"M\u00c9DIATH\u00c8QUE &#8211; MERCREDI 1ER OCTOBRE 18 H &#8211; GRATUIT"},"content":{"rendered":"\n<p>Nouvelle saison avec une fois encore une tr\u00e8s belle programmation. Merci au D\u00e9partement de la Charente avec le service M\u00e9diath\u00e8que d\u00e9partementale de la Charente.Histoire cont\u00e9e par Sabrina Ch\u00e9zeau : Les souliers mouill\u00e9s &#8211; \u00c0 partir de 7 ans &#8211; R\u00e9servation au 05 45 67 89 47 <\/p>\n\n\n\n<p>C&rsquo;est l&rsquo;histoire de Juanito qui vit seul avec son p\u00e8re&#8230; Venez \u00e9couter la suite<\/p>\n\n\n\n<figure class=\"wp-block-image size-large\"><a href=\"https:\/\/www.mouthiers-sur-boeme.fr\/wp-content\/uploads\/2025\/09\/Affiche-Au-Fil-du-Conte.jpg\"><img loading=\"lazy\" width=\"559\" height=\"794\" src=\"https:\/\/www.mouthiers-sur-boeme.fr\/wp-content\/uploads\/2025\/09\/Affiche-Au-Fil-du-Conte.jpg\" alt=\"\" class=\"wp-image-12323\" srcset=\"https:\/\/www.mouthiers-sur-boeme.fr\/wp-content\/uploads\/2025\/09\/Affiche-Au-Fil-du-Conte.jpg 559w, https:\/\/www.mouthiers-sur-boeme.fr\/wp-content\/uploads\/2025\/09\/Affiche-Au-Fil-du-Conte-211x300.jpg 211w\" sizes=\"(max-width: 559px) 100vw, 559px\" \/><\/a><\/figure>\n","protected":false},"excerpt":{"rendered":"<p>Nouvelle saison avec une fois encore une tr\u00e8s belle programmation. Merci au D\u00e9partement de la Charente avec le service M\u00e9diath\u00e8que d\u00e9partementale de la Charente.Histoire cont\u00e9e par Sabrina Ch\u00e9zeau : Les souliers mouill\u00e9s &#8211; \u00c0 partir de 7 ans &#8211; R\u00e9servation au 05 45 67 89 47 C&rsquo;est l&rsquo;histoire de Juanito qui vit seul avec son &hellip; <a href=\"https:\/\/www.mouthiers-sur-boeme.fr\/?p=12322\" class=\"more-link\">Continuer la lecture de <span class=\"screen-reader-text\">M\u00c9DIATH\u00c8QUE &#8211; MERCREDI 1ER OCTOBRE 18 H &#8211; GRATUIT<\/span>  <span class=\"meta-nav\">&rarr;<\/span><\/a><\/p>\n","protected":false},"author":22,"featured_media":2418,"comment_status":"open","ping_status":"open","sticky":false,"template":"","format":"standard","meta":[],"categories":[98,20,10,107],"tags":[],"_links":{"self":[{"href":"https:\/\/www.mouthiers-sur-boeme.fr\/index.php?rest_route=\/wp\/v2\/posts\/12322"}],"collection":[{"href":"https:\/\/www.mouthiers-sur-boeme.fr\/index.php?rest_route=\/wp\/v2\/posts"}],"about":[{"href":"https:\/\/www.mouthiers-sur-boeme.fr\/index.php?rest_route=\/wp\/v2\/types\/post"}],"author":[{"embeddable":true,"href":"https:\/\/www.mouthiers-sur-boeme.fr\/index.php?rest_route=\/wp\/v2\/users\/22"}],"replies":[{"embeddable":true,"href":"https:\/\/www.mouthiers-sur-boeme.fr\/index.php?rest_route=%2Fwp%2Fv2%2Fcomments&post=12322"}],"version-history":[{"count":1,"href":"https:\/\/www.mouthiers-sur-boeme.fr\/index.php?rest_route=\/wp\/v2\/posts\/12322\/revisions"}],"predecessor-version":[{"id":12324,"href":"https:\/\/www.mouthiers-sur-boeme.fr\/index.php?rest_route=\/wp\/v2\/posts\/12322\/revisions\/12324"}],"wp:featuredmedia":[{"embeddable":true,"href":"https:\/\/www.mouthiers-sur-boeme.fr\/index.php?rest_route=\/wp\/v2\/media\/2418"}],"wp:attachment":[{"href":"https:\/\/www.mouthiers-sur-boeme.fr\/index.php?rest_route=%2Fwp%2Fv2%2Fmedia&parent=12322"}],"wp:term":[{"taxonomy":"category","embeddable":true,"href":"https:\/\/www.mouthiers-sur-boeme.fr\/index.php?rest_route=%2Fwp%2Fv2%2Fcategories&post=12322"},{"taxonomy":"post_tag","embeddable":true,"href":"https:\/\/www.mouthiers-sur-boeme.fr\/index.php?rest_route=%2Fwp%2Fv2%2Ftags&post=12322"}],"curies":[{"name":"wp","href":"https:\/\/api.w.org\/{rel}","templated":true}]}}