{"id":12495,"date":"2025-11-05T09:59:22","date_gmt":"2025-11-05T08:59:22","guid":{"rendered":"https:\/\/www.mouthiers-sur-boeme.fr\/?p=12495"},"modified":"2025-12-17T16:23:05","modified_gmt":"2025-12-17T15:23:05","slug":"marche-de-noel-a-lehpad","status":"publish","type":"post","link":"https:\/\/www.mouthiers-sur-boeme.fr\/?p=12495","title":{"rendered":"MARCH\u00c9 DE NO\u00cbL \u00c0 L&rsquo;EHPAD"},"content":{"rendered":"\n<p class=\"has-text-align-center has-text-color has-medium-font-size\" style=\"color:#1a844b\"><strong>L&rsquo;association \u00ab\u00a0main dans la main \u00a0\u00bb et les r\u00e9sidents de&nbsp;l\u2019Ehpad&nbsp;de la Bo\u00ebme,<\/strong><\/p>\n\n\n\n<p class=\"has-text-align-center has-text-color\" style=\"color:#1a844b\"><strong>vous attendent dans&nbsp;la&nbsp;salle&nbsp;d\u2019animation&nbsp;<\/strong><\/p>\n\n\n\n<p class=\"has-text-align-center has-text-color has-medium-font-size\" style=\"color:#1a844b\"><strong>de 14 \u00e0 19h<\/strong><\/p>\n\n\n\n<p class=\"has-text-align-center has-text-color has-medium-font-size\" style=\"color:#1a844b\"><strong> samedi 13 d\u00e9cembre<\/strong><\/p>\n\n\n\n<p class=\"has-text-align-center has-text-color\" style=\"color:#1a844b\"><strong>Ouvert&nbsp;aux&nbsp;familles&nbsp;et&nbsp;au&nbsp;public.<\/strong><\/p>\n\n\n\n<p class=\"has-text-align-center\"><strong><a rel=\"noreferrer noopener\" href=\"https:\/\/www.google.com\/maps\/place\/EHPAD+La+Chauveterie+Mouthiers+sur+Bo%C3%ABme\/@45.552818,0.122048,17z\/data=!3m1!4b1!4m6!3m5!1s0x47ffd24545f3b7a5:0x71cb8f11c78cc2df!8m2!3d45.552818!4d0.1246229!16s%2Fg%2F11g6x0586k?entry=ttu&amp;g_ep=EgoyMDI1MTEwMi4wIKXMDSoASAFQAw%3D%3D\" target=\"_blank\">Y&nbsp;ALLER<\/a><\/strong><\/p>\n\n\n\n<figure class=\"wp-block-image size-large\"><a href=\"https:\/\/www.mouthiers-sur-boeme.fr\/wp-content\/uploads\/2025\/11\/Affiche-Rouge-Vert-Dore-Geometrique-Marche-de-Noel-Illustratif-6-scaled.jpeg\"><img loading=\"lazy\" width=\"724\" height=\"1024\" src=\"https:\/\/www.mouthiers-sur-boeme.fr\/wp-content\/uploads\/2025\/11\/Affiche-Rouge-Vert-Dore-Geometrique-Marche-de-Noel-Illustratif-6-724x1024.jpeg\" alt=\"\" class=\"wp-image-12496\" srcset=\"https:\/\/www.mouthiers-sur-boeme.fr\/wp-content\/uploads\/2025\/11\/Affiche-Rouge-Vert-Dore-Geometrique-Marche-de-Noel-Illustratif-6-724x1024.jpeg 724w, https:\/\/www.mouthiers-sur-boeme.fr\/wp-content\/uploads\/2025\/11\/Affiche-Rouge-Vert-Dore-Geometrique-Marche-de-Noel-Illustratif-6-212x300.jpeg 212w, https:\/\/www.mouthiers-sur-boeme.fr\/wp-content\/uploads\/2025\/11\/Affiche-Rouge-Vert-Dore-Geometrique-Marche-de-Noel-Illustratif-6-768x1086.jpeg 768w, https:\/\/www.mouthiers-sur-boeme.fr\/wp-content\/uploads\/2025\/11\/Affiche-Rouge-Vert-Dore-Geometrique-Marche-de-Noel-Illustratif-6-1086x1536.jpeg 1086w, https:\/\/www.mouthiers-sur-boeme.fr\/wp-content\/uploads\/2025\/11\/Affiche-Rouge-Vert-Dore-Geometrique-Marche-de-Noel-Illustratif-6-1448x2048.jpeg 1448w, https:\/\/www.mouthiers-sur-boeme.fr\/wp-content\/uploads\/2025\/11\/Affiche-Rouge-Vert-Dore-Geometrique-Marche-de-Noel-Illustratif-6-scaled.jpeg 1810w\" sizes=\"(max-width: 724px) 100vw, 724px\" \/><\/a><\/figure>\n","protected":false},"excerpt":{"rendered":"<p>L&rsquo;association \u00ab\u00a0main dans la main \u00a0\u00bb et les r\u00e9sidents de&nbsp;l\u2019Ehpad&nbsp;de la Bo\u00ebme, vous attendent dans&nbsp;la&nbsp;salle&nbsp;d\u2019animation&nbsp; de 14 \u00e0 19h samedi 13 d\u00e9cembre Ouvert&nbsp;aux&nbsp;familles&nbsp;et&nbsp;au&nbsp;public. Y&nbsp;ALLER<\/p>\n","protected":false},"author":22,"featured_media":12503,"comment_status":"open","ping_status":"open","sticky":false,"template":"","format":"standard","meta":[],"categories":[50],"tags":[],"_links":{"self":[{"href":"https:\/\/www.mouthiers-sur-boeme.fr\/index.php?rest_route=\/wp\/v2\/posts\/12495"}],"collection":[{"href":"https:\/\/www.mouthiers-sur-boeme.fr\/index.php?rest_route=\/wp\/v2\/posts"}],"about":[{"href":"https:\/\/www.mouthiers-sur-boeme.fr\/index.php?rest_route=\/wp\/v2\/types\/post"}],"author":[{"embeddable":true,"href":"https:\/\/www.mouthiers-sur-boeme.fr\/index.php?rest_route=\/wp\/v2\/users\/22"}],"replies":[{"embeddable":true,"href":"https:\/\/www.mouthiers-sur-boeme.fr\/index.php?rest_route=%2Fwp%2Fv2%2Fcomments&post=12495"}],"version-history":[{"count":2,"href":"https:\/\/www.mouthiers-sur-boeme.fr\/index.php?rest_route=\/wp\/v2\/posts\/12495\/revisions"}],"predecessor-version":[{"id":12498,"href":"https:\/\/www.mouthiers-sur-boeme.fr\/index.php?rest_route=\/wp\/v2\/posts\/12495\/revisions\/12498"}],"wp:featuredmedia":[{"embeddable":true,"href":"https:\/\/www.mouthiers-sur-boeme.fr\/index.php?rest_route=\/wp\/v2\/media\/12503"}],"wp:attachment":[{"href":"https:\/\/www.mouthiers-sur-boeme.fr\/index.php?rest_route=%2Fwp%2Fv2%2Fmedia&parent=12495"}],"wp:term":[{"taxonomy":"category","embeddable":true,"href":"https:\/\/www.mouthiers-sur-boeme.fr\/index.php?rest_route=%2Fwp%2Fv2%2Fcategories&post=12495"},{"taxonomy":"post_tag","embeddable":true,"href":"https:\/\/www.mouthiers-sur-boeme.fr\/index.php?rest_route=%2Fwp%2Fv2%2Ftags&post=12495"}],"curies":[{"name":"wp","href":"https:\/\/api.w.org\/{rel}","templated":true}]}}