{"id":12499,"date":"2025-11-05T10:04:20","date_gmt":"2025-11-05T09:04:20","guid":{"rendered":"https:\/\/www.mouthiers-sur-boeme.fr\/?p=12499"},"modified":"2025-12-26T10:10:49","modified_gmt":"2025-12-26T09:10:49","slug":"et-si-votre-enfant-faisait-pousser","status":"publish","type":"post","link":"https:\/\/www.mouthiers-sur-boeme.fr\/?p=12499","title":{"rendered":"ET SI VOTRE ENFANT FAISAIT POUSSER&#8230;"},"content":{"rendered":"\n<p class=\"has-large-font-size\">LA FOR\u00caT DE DEMAIN ?<\/p>\n\n\n\n<p><strong>Les&nbsp;Compagnons&nbsp;du&nbsp;V\u00e9g\u00e9tal&nbsp;lancent&nbsp;L&rsquo;aventure&nbsp;Arbronautes,&nbsp;un&nbsp;projet&nbsp;charentHaies&nbsp;qui&nbsp;reconnecte&nbsp;les&nbsp;enfants&nbsp;\u00e0&nbsp;la&nbsp;nature&nbsp;tout&nbsp;en&nbsp;participant&nbsp;a&nbsp;reconstituer&nbsp;les&nbsp;haies.<\/strong><\/p>\n\n\n\n<p><strong>Le&nbsp;projet&nbsp;est&nbsp;soutenu&nbsp;par&nbsp;le&nbsp;Grand&nbsp;Angouleme&nbsp;et&nbsp;le&nbsp;Cr\u00e9dit&nbsp;agricole,&nbsp;pour&nbsp;chaque&nbsp;euros&nbsp;donn\u00e9&nbsp;c&rsquo;est&nbsp;tripl\u00e9&nbsp;!<\/strong><\/p>\n\n\n\n<p><strong><a rel=\"noreferrer noopener\" href=\"https:\/\/www.jadopteunprojet.com\/decouvrez-les-projets\/detail\/les-arbronautes\" target=\"_blank\">Pour&nbsp;participer,&nbsp;c&rsquo;est&nbsp;ICI<\/a><\/strong><\/p>\n\n\n\n<figure class=\"wp-block-image size-large\"><a href=\"https:\/\/www.mouthiers-sur-boeme.fr\/wp-content\/uploads\/2025\/11\/LES-ARBRONAUTES-Comp-du-vege-.jpg\"><img loading=\"lazy\" width=\"1024\" height=\"734\" src=\"https:\/\/www.mouthiers-sur-boeme.fr\/wp-content\/uploads\/2025\/11\/LES-ARBRONAUTES-Comp-du-vege--1024x734.jpg\" alt=\"\" class=\"wp-image-12500\" srcset=\"https:\/\/www.mouthiers-sur-boeme.fr\/wp-content\/uploads\/2025\/11\/LES-ARBRONAUTES-Comp-du-vege--1024x734.jpg 1024w, https:\/\/www.mouthiers-sur-boeme.fr\/wp-content\/uploads\/2025\/11\/LES-ARBRONAUTES-Comp-du-vege--300x215.jpg 300w, https:\/\/www.mouthiers-sur-boeme.fr\/wp-content\/uploads\/2025\/11\/LES-ARBRONAUTES-Comp-du-vege--768x551.jpg 768w, https:\/\/www.mouthiers-sur-boeme.fr\/wp-content\/uploads\/2025\/11\/LES-ARBRONAUTES-Comp-du-vege--1536x1101.jpg 1536w, https:\/\/www.mouthiers-sur-boeme.fr\/wp-content\/uploads\/2025\/11\/LES-ARBRONAUTES-Comp-du-vege-.jpg 1600w\" sizes=\"(max-width: 1024px) 100vw, 1024px\" \/><\/a><\/figure>\n","protected":false},"excerpt":{"rendered":"<p>LA FOR\u00caT DE DEMAIN ? Les&nbsp;Compagnons&nbsp;du&nbsp;V\u00e9g\u00e9tal&nbsp;lancent&nbsp;L&rsquo;aventure&nbsp;Arbronautes,&nbsp;un&nbsp;projet&nbsp;charentHaies&nbsp;qui&nbsp;reconnecte&nbsp;les&nbsp;enfants&nbsp;\u00e0&nbsp;la&nbsp;nature&nbsp;tout&nbsp;en&nbsp;participant&nbsp;a&nbsp;reconstituer&nbsp;les&nbsp;haies. Le&nbsp;projet&nbsp;est&nbsp;soutenu&nbsp;par&nbsp;le&nbsp;Grand&nbsp;Angouleme&nbsp;et&nbsp;le&nbsp;Cr\u00e9dit&nbsp;agricole,&nbsp;pour&nbsp;chaque&nbsp;euros&nbsp;donn\u00e9&nbsp;c&rsquo;est&nbsp;tripl\u00e9&nbsp;! Pour&nbsp;participer,&nbsp;c&rsquo;est&nbsp;ICI<\/p>\n","protected":false},"author":22,"featured_media":11971,"comment_status":"open","ping_status":"open","sticky":false,"template":"","format":"standard","meta":[],"categories":[85,96],"tags":[],"_links":{"self":[{"href":"https:\/\/www.mouthiers-sur-boeme.fr\/index.php?rest_route=\/wp\/v2\/posts\/12499"}],"collection":[{"href":"https:\/\/www.mouthiers-sur-boeme.fr\/index.php?rest_route=\/wp\/v2\/posts"}],"about":[{"href":"https:\/\/www.mouthiers-sur-boeme.fr\/index.php?rest_route=\/wp\/v2\/types\/post"}],"author":[{"embeddable":true,"href":"https:\/\/www.mouthiers-sur-boeme.fr\/index.php?rest_route=\/wp\/v2\/users\/22"}],"replies":[{"embeddable":true,"href":"https:\/\/www.mouthiers-sur-boeme.fr\/index.php?rest_route=%2Fwp%2Fv2%2Fcomments&post=12499"}],"version-history":[{"count":2,"href":"https:\/\/www.mouthiers-sur-boeme.fr\/index.php?rest_route=\/wp\/v2\/posts\/12499\/revisions"}],"predecessor-version":[{"id":12703,"href":"https:\/\/www.mouthiers-sur-boeme.fr\/index.php?rest_route=\/wp\/v2\/posts\/12499\/revisions\/12703"}],"wp:featuredmedia":[{"embeddable":true,"href":"https:\/\/www.mouthiers-sur-boeme.fr\/index.php?rest_route=\/wp\/v2\/media\/11971"}],"wp:attachment":[{"href":"https:\/\/www.mouthiers-sur-boeme.fr\/index.php?rest_route=%2Fwp%2Fv2%2Fmedia&parent=12499"}],"wp:term":[{"taxonomy":"category","embeddable":true,"href":"https:\/\/www.mouthiers-sur-boeme.fr\/index.php?rest_route=%2Fwp%2Fv2%2Fcategories&post=12499"},{"taxonomy":"post_tag","embeddable":true,"href":"https:\/\/www.mouthiers-sur-boeme.fr\/index.php?rest_route=%2Fwp%2Fv2%2Ftags&post=12499"}],"curies":[{"name":"wp","href":"https:\/\/api.w.org\/{rel}","templated":true}]}}